{"id":10611,"date":"2020-02-27T00:23:09","date_gmt":"2020-02-26T23:23:09","guid":{"rendered":"http:\/\/terresdemotions.fr\/?p=10611"},"modified":"2020-05-16T23:07:42","modified_gmt":"2020-05-16T21:07:42","slug":"barrage-de-malpasset-cime-de-la-gardiette","status":"publish","type":"post","link":"https:\/\/terresdemotions.fr\/index.php\/2020\/02\/27\/barrage-de-malpasset-cime-de-la-gardiette\/","title":{"rendered":"Barrage de Malpasset, Pic de la Gardiette"},"content":{"rendered":"<h1>Barrage de Malpasset, Pic de la Gardiette<\/h1>\n<p>L\u2019histoire du Var nous rappelle \u00e0 ce terrible fait historique le jour o\u00f9 le barrage de Malpasset c\u00e8de dans la nuit. C&rsquo;est donc avec Nostalgie que Terres d&rsquo;Emotions fait d\u00e9couvrir ce qu&rsquo;il reste du barrage , pour mieux comprendre ce qu&rsquo;il s&rsquo;est pass\u00e9.<\/p>\n<p>Une terrible vague qui engloutit Fr\u00e9jus. Ensuite pour prendre de la hauteur et naviguer \u00e0 travers \u00ab\u00a0la garrigue\u00a0\u00bb du massif du Tanneron, le groupe parT en direction du pic de la Gardiette.<\/p>\n<p>Vestige g\u00e9ologique volcanique des temps r\u00e9volu. Une belle boucle que chacun aura appr\u00e9ci\u00e9 dans une nature exub\u00e9rante pr\u00eate \u00e0 accueillir le printemps s&rsquo;en trop s&rsquo;\u00eatre aper\u00e7ue de l&rsquo;hiver<\/p>\n<p>Accompagnateur Daniel<\/p>\n<p>Yohann Accompagnateur en Montagne, Guide Terres d&rsquo;Emotions.<\/p>\nngg_shortcode_0_placeholder\n<p><!-- Global site tag (gtag.js) - Google Analytics --><\/p>\n<p>&nbsp;<\/p>\n","protected":false},"excerpt":{"rendered":"<p>L\u2019histoire du Var nous rappelle \u00e0 ce terrible fait historique le jour o\u00f9 le barrage de Malpasset c\u00e8de dans la nuit. C&rsquo;est donc avec Nostalgie que Terres d&rsquo;Emotions fait d\u00e9couvrir ce qu&rsquo;il reste du barrage , pour mieux comprendre ce qu&rsquo;il s&rsquo;est pass\u00e9.<\/p>\n","protected":false},"author":1,"featured_media":10613,"comment_status":"open","ping_status":"open","sticky":false,"template":"","format":"standard","meta":{"_bbp_topic_count":0,"_bbp_reply_count":0,"_bbp_total_topic_count":0,"_bbp_total_reply_count":0,"_bbp_voice_count":0,"_bbp_anonymous_reply_count":0,"_bbp_topic_count_hidden":0,"_bbp_reply_count_hidden":0,"_bbp_forum_subforum_count":0,"content-type":"","_exactmetrics_skip_tracking":false,"_exactmetrics_sitenote_active":false,"_exactmetrics_sitenote_note":"","_exactmetrics_sitenote_category":0,"_monsterinsights_skip_tracking":false,"_monsterinsights_sitenote_active":false,"_monsterinsights_sitenote_note":"","_monsterinsights_sitenote_category":0,"ngg_post_thumbnail":0,"_price":"","_stock":"","_tribe_ticket_header":"","_tribe_default_ticket_provider":"","_tribe_ticket_capacity":"0","_ticket_start_date":"","_ticket_end_date":"","_tribe_ticket_show_description":"","_tribe_ticket_show_not_going":false,"_tribe_ticket_use_global_stock":"","_tribe_ticket_global_stock_level":"","_global_stock_mode":"","_global_stock_cap":"","_tribe_rsvp_for_event":"","_tribe_ticket_going_count":"","_tribe_ticket_not_going_count":"","_tribe_tickets_list":"[]","_tribe_ticket_has_attendee_info_fields":false,"_jetpack_memberships_contains_paid_content":false,"footnotes":""},"categories":[180,266,42],"tags":[372,300],"class_list":["post-10611","post","type-post","status-publish","format-standard","has-post-thumbnail","hentry","category-departements-83-13","category-niveau-1","category-randonnee","tag-panorama","tag-terres-demotions"],"jetpack_featured_media_url":"https:\/\/terresdemotions.fr\/wp-content\/uploads\/2020\/02\/DSC_0205-scaled.jpg","jetpack_sharing_enabled":true,"_links":{"self":[{"href":"https:\/\/terresdemotions.fr\/index.php\/wp-json\/wp\/v2\/posts\/10611","targetHints":{"allow":["GET"]}}],"collection":[{"href":"https:\/\/terresdemotions.fr\/index.php\/wp-json\/wp\/v2\/posts"}],"about":[{"href":"https:\/\/terresdemotions.fr\/index.php\/wp-json\/wp\/v2\/types\/post"}],"author":[{"embeddable":true,"href":"https:\/\/terresdemotions.fr\/index.php\/wp-json\/wp\/v2\/users\/1"}],"replies":[{"embeddable":true,"href":"https:\/\/terresdemotions.fr\/index.php\/wp-json\/wp\/v2\/comments?post=10611"}],"version-history":[{"count":7,"href":"https:\/\/terresdemotions.fr\/index.php\/wp-json\/wp\/v2\/posts\/10611\/revisions"}],"predecessor-version":[{"id":10979,"href":"https:\/\/terresdemotions.fr\/index.php\/wp-json\/wp\/v2\/posts\/10611\/revisions\/10979"}],"wp:featuredmedia":[{"embeddable":true,"href":"https:\/\/terresdemotions.fr\/index.php\/wp-json\/wp\/v2\/media\/10613"}],"wp:attachment":[{"href":"https:\/\/terresdemotions.fr\/index.php\/wp-json\/wp\/v2\/media?parent=10611"}],"wp:term":[{"taxonomy":"category","embeddable":true,"href":"https:\/\/terresdemotions.fr\/index.php\/wp-json\/wp\/v2\/categories?post=10611"},{"taxonomy":"post_tag","embeddable":true,"href":"https:\/\/terresdemotions.fr\/index.php\/wp-json\/wp\/v2\/tags?post=10611"}],"curies":[{"name":"wp","href":"https:\/\/api.w.org\/{rel}","templated":true}]}}