{"id":10639,"date":"2020-03-01T23:15:13","date_gmt":"2020-03-01T22:15:13","guid":{"rendered":"http:\/\/terresdemotions.fr\/?p=10639"},"modified":"2020-05-16T23:07:52","modified_gmt":"2020-05-16T21:07:52","slug":"larpille-sentinelle-de-lesteron-voyage-sur-les-cretes-de-la-plus-sauvage-des-rivieres","status":"publish","type":"post","link":"https:\/\/terresdemotions.fr\/index.php\/2020\/03\/01\/larpille-sentinelle-de-lesteron-voyage-sur-les-cretes-de-la-plus-sauvage-des-rivieres\/","title":{"rendered":"L&rsquo;Arpille, Sentinelle de l&rsquo;Est\u00e9ron, Voyage sur les cr\u00eates de la plus sauvage des rivi\u00e8res"},"content":{"rendered":"<h1>L&rsquo;Arpille, Sentinelle de l&rsquo;Est\u00e9ron, Voyage sur les cr\u00eates de la plus sauvage des rivi\u00e8res<\/h1>\n<p>L&rsquo;Est\u00e9ron est labellis\u00e9 \u00ab\u00a0sites rivi\u00e8res sauvages\u00a0\u00bb en 2018 et fait partie des trois plus belles rivi\u00e8res authentiques de France . Pas de captage, pas de barrage, pas d&rsquo;am\u00e9nagement des berges, pas de digue, une eaux des plus pures.<\/p>\n<p>L&rsquo;Arpille est abord\u00e9e \u00e0 partir de la cr\u00eate de Bane ; une mont\u00e9e progressive de 600 m de D+ sans effort \u00e0 travers les sentiers parfois perdus, mais efficaces. Pas de vent en ce d\u00e9but de matin\u00e9e, un ciel qui se d\u00e9gage progressivement avec du soleil.<\/p>\n<p>La cr\u00eate de Bane, nous offre un spectacle unique.&nbsp; Les hauts sommets du Mercantour se laissent entrevoir \u00e0 travers les nuages. On devine le Mounier, et le Grand Capelet au loin. L&rsquo;ensemble des villages perch\u00e9s, la clue des mujouls et le Mont st Martin. Au sud, la montagne de l&rsquo;Audibergue, malheureuse sans neige.<\/p>\n<p>Le sommet est atteint vers 13h. Le ciel s\u2019assombrit, la temp\u00e9rature nous invite \u00e0 la descente apr\u00e8s le d\u00e9jeuner. Malheureusement pour nous, c&rsquo;est \u00e0 ce moment que le soleil se d\u00e9cide \u00e0 sortir pleinement ! Quelques vautours passent \u00e0 quelques m\u00e8tres de nous certainement attir\u00e9s par un repas !<\/p>\n<p>La descente par un autre sentier nous fait d\u00e9couvrir un autre visage de l&rsquo; Arpille, forteresse calcaire, o\u00f9 une tour de vigie surveille de pr\u00e8s les incendie. Une bonne journ\u00e9e appr\u00e9ci\u00e9e pleinement et rendue accessible facilement par le choix du parcours.<\/p>\n<p>Yohann Accompagnateur en Montagne, Guide Terres d&rsquo;Emotions.<\/p>\nngg_shortcode_0_placeholder\n<p><!-- Global site tag (gtag.js) - Google Analytics --><\/p>\n<p>&nbsp;<\/p>\n","protected":false},"excerpt":{"rendered":"<p>L&rsquo;Est\u00e9ron figure parmi les trois rivi\u00e8res des plus sauvages de France en 2018. Pas de captage, pas de barrage, pas d&rsquo;am\u00e9nagement des berges, pas de digue, une eaux des plus pures.<\/p>\n","protected":false},"author":1,"featured_media":10641,"comment_status":"open","ping_status":"open","sticky":false,"template":"","format":"standard","meta":{"_bbp_topic_count":0,"_bbp_reply_count":0,"_bbp_total_topic_count":0,"_bbp_total_reply_count":0,"_bbp_voice_count":0,"_bbp_anonymous_reply_count":0,"_bbp_topic_count_hidden":0,"_bbp_reply_count_hidden":0,"_bbp_forum_subforum_count":0,"content-type":"","_exactmetrics_skip_tracking":false,"_exactmetrics_sitenote_active":false,"_exactmetrics_sitenote_note":"","_exactmetrics_sitenote_category":0,"_monsterinsights_skip_tracking":false,"_monsterinsights_sitenote_active":false,"_monsterinsights_sitenote_note":"","_monsterinsights_sitenote_category":0,"ngg_post_thumbnail":0,"_price":"","_stock":"","_tribe_ticket_header":"","_tribe_default_ticket_provider":"","_tribe_ticket_capacity":"0","_ticket_start_date":"","_ticket_end_date":"","_tribe_ticket_show_description":"","_tribe_ticket_show_not_going":false,"_tribe_ticket_use_global_stock":"","_tribe_ticket_global_stock_level":"","_global_stock_mode":"","_global_stock_cap":"","_tribe_rsvp_for_event":"","_tribe_ticket_going_count":"","_tribe_ticket_not_going_count":"","_tribe_tickets_list":"[]","_tribe_ticket_has_attendee_info_fields":false,"_jetpack_memberships_contains_paid_content":false,"footnotes":""},"categories":[268,42,5],"tags":[372,300],"class_list":["post-10639","post","type-post","status-publish","format-standard","has-post-thumbnail","hentry","category-niveau-3","category-randonnee","category-vallee-de-lesteron","tag-panorama","tag-terres-demotions"],"jetpack_featured_media_url":"https:\/\/terresdemotions.fr\/wp-content\/uploads\/2020\/03\/IMG_20200301_131227-scaled.jpg","jetpack_sharing_enabled":true,"_links":{"self":[{"href":"https:\/\/terresdemotions.fr\/index.php\/wp-json\/wp\/v2\/posts\/10639","targetHints":{"allow":["GET"]}}],"collection":[{"href":"https:\/\/terresdemotions.fr\/index.php\/wp-json\/wp\/v2\/posts"}],"about":[{"href":"https:\/\/terresdemotions.fr\/index.php\/wp-json\/wp\/v2\/types\/post"}],"author":[{"embeddable":true,"href":"https:\/\/terresdemotions.fr\/index.php\/wp-json\/wp\/v2\/users\/1"}],"replies":[{"embeddable":true,"href":"https:\/\/terresdemotions.fr\/index.php\/wp-json\/wp\/v2\/comments?post=10639"}],"version-history":[{"count":8,"href":"https:\/\/terresdemotions.fr\/index.php\/wp-json\/wp\/v2\/posts\/10639\/revisions"}],"predecessor-version":[{"id":10980,"href":"https:\/\/terresdemotions.fr\/index.php\/wp-json\/wp\/v2\/posts\/10639\/revisions\/10980"}],"wp:featuredmedia":[{"embeddable":true,"href":"https:\/\/terresdemotions.fr\/index.php\/wp-json\/wp\/v2\/media\/10641"}],"wp:attachment":[{"href":"https:\/\/terresdemotions.fr\/index.php\/wp-json\/wp\/v2\/media?parent=10639"}],"wp:term":[{"taxonomy":"category","embeddable":true,"href":"https:\/\/terresdemotions.fr\/index.php\/wp-json\/wp\/v2\/categories?post=10639"},{"taxonomy":"post_tag","embeddable":true,"href":"https:\/\/terresdemotions.fr\/index.php\/wp-json\/wp\/v2\/tags?post=10639"}],"curies":[{"name":"wp","href":"https:\/\/api.w.org\/{rel}","templated":true}]}}