{"id":10681,"date":"2020-03-08T23:11:03","date_gmt":"2020-03-08T22:11:03","guid":{"rendered":"http:\/\/terresdemotions.fr\/?p=10681"},"modified":"2020-05-24T23:18:54","modified_gmt":"2020-05-24T21:18:54","slug":"emotions-retrouvees-poudreuse-au-hameau-de-roya-haute-tinee","status":"publish","type":"post","link":"https:\/\/terresdemotions.fr\/index.php\/2020\/03\/08\/emotions-retrouvees-poudreuse-au-hameau-de-roya-haute-tinee\/","title":{"rendered":"Emotions retrouv\u00e9es, poudreuse au Hameau de Roya, Haute Tin\u00e9e"},"content":{"rendered":"<h1>Emotions retrouv\u00e9es, poudreuse au Hameau de Roya, Haute Tin\u00e9e<\/h1>\n<p>Plus de 50 cm de neige sont tomb\u00e9s sur le massif du Mercantour. Pour Terres d&rsquo;\u00e9motions, il \u00e9tait impossible de passer \u00e0 c\u00f4t\u00e9 de cette aubaine.<\/p>\n<p>Afin de s&rsquo;y remettre tranquillement, nous sommes aller \u00e0 Roya dans la Haute Tin\u00e9e. Un parcours avec 300 m de d\u00e9nivel\u00e9e dans une nature sauvage et vierge de toutes traces humaines sur la deuxi\u00e8me partie du Parcours.<\/p>\n<p>C&rsquo;est donc avec un plaisir intense que nous avons fait la trace dans une neige l\u00e9g\u00e8re et souple en s&rsquo;inspirant du sentier \u00ab\u00a0\u00e9t\u00e9. Quelques traces de li\u00e8vres et de chamois, parfois des traces de loup(?).<\/p>\n<p>La trace serpente donc \u00e0 travers les m\u00e9l\u00e8zes le long de la montagne, pour sortir au clot, un hameau pos\u00e9 au bout des gorges de Roya. Des granges nous attendent pour d\u00e9jeuner, le soleil est intense, la neige est omnipr\u00e9sente. Une formidable journ\u00e9e Raquettes.<\/p>\n<p>Nous arr\u00eatons quelques instant au trou des corneilles. Un trou o\u00f9 les corneilles nichent. Une curiosit\u00e9 g\u00e9ologique. Le retour se passera plus facilement ponctu\u00e9 au retour comme \u00e0 l&rsquo;aller de pauses aux diff\u00e9rentes cabanes diss\u00e9min\u00e9es sur le parcours.<\/p>\n<p>Retour sur une trace d\u00e9j\u00e0 faite pour revenir sur la piste qui aura bien fondu ainsi que les stalactites vus \u00e0 l&rsquo;aller.<\/p>\n<p>Une nouvelle randonn\u00e9e r\u00e9ussie accessible qui aura tenue toutes ses promesses.<\/p>\n<p>Yohann Accompagnateur en Montagne, Guide Terres d&rsquo;Emotions.<\/p>\nngg_shortcode_0_placeholder\n<p><!-- Global site tag (gtag.js) - Google Analytics --><\/p>\n<p>&nbsp;<\/p>\n","protected":false},"excerpt":{"rendered":"<p>Plus de 50 cm de neige sont tomb\u00e9s sur le massif du Mercantour. Pour Terres d&rsquo;\u00e9motions, il \u00e9tait impossible de passer \u00e0 c\u00f4t\u00e9 de cette aubaine.<\/p>\n<p>Afin de s&rsquo;y remettre tranquillement, nous sommes aller \u00e0 Roya dans la Haute Tin\u00e9e. Un parcours avec 300 m de d\u00e9nivel\u00e9e dans une nature sauvage et vierge de toutes traces humaines sur la deuxi\u00e8me partie du Parcours.<\/p>\n","protected":false},"author":1,"featured_media":10683,"comment_status":"open","ping_status":"open","sticky":false,"template":"","format":"standard","meta":{"_bbp_topic_count":0,"_bbp_reply_count":0,"_bbp_total_topic_count":0,"_bbp_total_reply_count":0,"_bbp_voice_count":0,"_bbp_anonymous_reply_count":0,"_bbp_topic_count_hidden":0,"_bbp_reply_count_hidden":0,"_bbp_forum_subforum_count":0,"content-type":"","_exactmetrics_skip_tracking":false,"_exactmetrics_sitenote_active":false,"_exactmetrics_sitenote_note":"","_exactmetrics_sitenote_category":0,"_monsterinsights_skip_tracking":false,"_monsterinsights_sitenote_active":false,"_monsterinsights_sitenote_note":"","_monsterinsights_sitenote_category":0,"ngg_post_thumbnail":0,"_price":"","_stock":"","_tribe_ticket_header":"","_tribe_default_ticket_provider":"","_tribe_ticket_capacity":"0","_ticket_start_date":"","_ticket_end_date":"","_tribe_ticket_show_description":"","_tribe_ticket_show_not_going":false,"_tribe_ticket_use_global_stock":"","_tribe_ticket_global_stock_level":"","_global_stock_mode":"","_global_stock_cap":"","_tribe_rsvp_for_event":"","_tribe_ticket_going_count":"","_tribe_ticket_not_going_count":"","_tribe_tickets_list":"[]","_tribe_ticket_has_attendee_info_fields":false,"_jetpack_memberships_contains_paid_content":false,"footnotes":""},"categories":[267,42,4],"tags":[372,300],"class_list":["post-10681","post","type-post","status-publish","format-standard","has-post-thumbnail","hentry","category-niveau-2","category-randonnee","category-vallee-de-latinee","tag-panorama","tag-terres-demotions"],"jetpack_featured_media_url":"https:\/\/terresdemotions.fr\/wp-content\/uploads\/2020\/03\/IMG_20200308_124702-scaled.jpg","jetpack_sharing_enabled":true,"_links":{"self":[{"href":"https:\/\/terresdemotions.fr\/index.php\/wp-json\/wp\/v2\/posts\/10681","targetHints":{"allow":["GET"]}}],"collection":[{"href":"https:\/\/terresdemotions.fr\/index.php\/wp-json\/wp\/v2\/posts"}],"about":[{"href":"https:\/\/terresdemotions.fr\/index.php\/wp-json\/wp\/v2\/types\/post"}],"author":[{"embeddable":true,"href":"https:\/\/terresdemotions.fr\/index.php\/wp-json\/wp\/v2\/users\/1"}],"replies":[{"embeddable":true,"href":"https:\/\/terresdemotions.fr\/index.php\/wp-json\/wp\/v2\/comments?post=10681"}],"version-history":[{"count":6,"href":"https:\/\/terresdemotions.fr\/index.php\/wp-json\/wp\/v2\/posts\/10681\/revisions"}],"predecessor-version":[{"id":11052,"href":"https:\/\/terresdemotions.fr\/index.php\/wp-json\/wp\/v2\/posts\/10681\/revisions\/11052"}],"wp:featuredmedia":[{"embeddable":true,"href":"https:\/\/terresdemotions.fr\/index.php\/wp-json\/wp\/v2\/media\/10683"}],"wp:attachment":[{"href":"https:\/\/terresdemotions.fr\/index.php\/wp-json\/wp\/v2\/media?parent=10681"}],"wp:term":[{"taxonomy":"category","embeddable":true,"href":"https:\/\/terresdemotions.fr\/index.php\/wp-json\/wp\/v2\/categories?post=10681"},{"taxonomy":"post_tag","embeddable":true,"href":"https:\/\/terresdemotions.fr\/index.php\/wp-json\/wp\/v2\/tags?post=10681"}],"curies":[{"name":"wp","href":"https:\/\/api.w.org\/{rel}","templated":true}]}}