{"id":11404,"date":"2020-08-15T23:51:18","date_gmt":"2020-08-15T21:51:18","guid":{"rendered":"http:\/\/terresdemotions.fr\/?p=11404"},"modified":"2021-01-24T22:50:36","modified_gmt":"2021-01-24T21:50:36","slug":"les-lacs-en-balcons-de-la-vesubie-lacs-balaour-et-cabret","status":"publish","type":"post","link":"https:\/\/terresdemotions.fr\/index.php\/2020\/08\/15\/les-lacs-en-balcons-de-la-vesubie-lacs-balaour-et-cabret\/","title":{"rendered":"Les Lacs en Balcons de la V\u00e9subie &#8211; Lacs Balaour-et Cabret"},"content":{"rendered":"<h1>Les Lacs en Balcons de la V\u00e9subie &#8211; Lacs Balaour-et Cabret<\/h1>\n<p>La Madone en point de d\u00e9part pour rejoindre&nbsp; le sentier rive gauche de la vall\u00e9e principale. Le chemin monte en direction du pas du mont Coulomp.<\/p>\n<p>Loin des randonneurs venus nombreux sur site, nous progressons hors sentier pour rejoindre par le bas le lac Balaour. Magnifique lac aux eaux turquoises mais un peu froides pour de baigner.<\/p>\n<p>Nous continuons hors sentier pour monter au lac Cabret. Difficile a d\u00e9celer vu du bas, tant ce lac est lov\u00e9 dans son \u00e9crin min\u00e9ral. Mais la vue est exceptionnelle sur la vall\u00e9e. Le repas du midi sera prix au lac Balaour et sa petite ile. Un terrain propice \u00e0 la sieste digestive.<\/p>\n<p>Le temps est au beau fixe. Le paradis sur terre. Nous descendonc tranquillement sur le sentier allant au lac de Fenestre.<\/p>\n<p>Avant de reprendre la route, nous terminons cette tr\u00e8s belle journ\u00e9e par un petit verre au refuge de la Madone<\/p>\n<p>Yohann Accompagnateur en Montagne, Guide Terres d&rsquo;Emotions.<\/p>\nngg_shortcode_0_placeholder\n<p><!-- Global site tag (gtag.js) - Google Analytics --><\/p>\n<p>&nbsp;<\/p>\n","protected":false},"excerpt":{"rendered":"<p>La Madone en point de d\u00e9part pour rejoindre\u00a0 le sentier rive gauche de la vall\u00e9e principale. Le chemin monte en direction du pas du mont Coulomp.<\/p>\n<p>Loin des randonneurs venus nombreux sur site, nous progressons hors sentier pour rejoindre par le bas le lac Balaour. Magnifique lac aux eaux turquoises mais un peu froides pour de baigner.<\/p>\n","protected":false},"author":1,"featured_media":11406,"comment_status":"open","ping_status":"open","sticky":true,"template":"","format":"standard","meta":{"_bbp_topic_count":0,"_bbp_reply_count":0,"_bbp_total_topic_count":0,"_bbp_total_reply_count":0,"_bbp_voice_count":0,"_bbp_anonymous_reply_count":0,"_bbp_topic_count_hidden":0,"_bbp_reply_count_hidden":0,"_bbp_forum_subforum_count":0,"content-type":"","_exactmetrics_skip_tracking":false,"_exactmetrics_sitenote_active":false,"_exactmetrics_sitenote_note":"","_exactmetrics_sitenote_category":0,"_monsterinsights_skip_tracking":false,"_monsterinsights_sitenote_active":false,"_monsterinsights_sitenote_note":"","_monsterinsights_sitenote_category":0,"ngg_post_thumbnail":0,"_price":"","_stock":"","_tribe_ticket_header":"","_tribe_default_ticket_provider":"","_tribe_ticket_capacity":"0","_ticket_start_date":"","_ticket_end_date":"","_tribe_ticket_show_description":"","_tribe_ticket_show_not_going":false,"_tribe_ticket_use_global_stock":"","_tribe_ticket_global_stock_level":"","_global_stock_mode":"","_global_stock_cap":"","_tribe_rsvp_for_event":"","_tribe_ticket_going_count":"","_tribe_ticket_not_going_count":"","_tribe_tickets_list":"[]","_tribe_ticket_has_attendee_info_fields":false,"_jetpack_memberships_contains_paid_content":false,"footnotes":""},"categories":[267,268,42,7],"tags":[686,20,30],"class_list":["post-11404","post","type-post","status-publish","format-standard","has-post-thumbnail","hentry","category-niveau-2","category-niveau-3","category-randonnee","category-vallee-de-la-vesubie","tag-lacs","tag-lacs-du-mercantour","tag-vesubie"],"jetpack_featured_media_url":"https:\/\/terresdemotions.fr\/wp-content\/uploads\/2020\/08\/IMG_20200815_124056-scaled.jpg","jetpack_sharing_enabled":true,"_links":{"self":[{"href":"https:\/\/terresdemotions.fr\/index.php\/wp-json\/wp\/v2\/posts\/11404","targetHints":{"allow":["GET"]}}],"collection":[{"href":"https:\/\/terresdemotions.fr\/index.php\/wp-json\/wp\/v2\/posts"}],"about":[{"href":"https:\/\/terresdemotions.fr\/index.php\/wp-json\/wp\/v2\/types\/post"}],"author":[{"embeddable":true,"href":"https:\/\/terresdemotions.fr\/index.php\/wp-json\/wp\/v2\/users\/1"}],"replies":[{"embeddable":true,"href":"https:\/\/terresdemotions.fr\/index.php\/wp-json\/wp\/v2\/comments?post=11404"}],"version-history":[{"count":6,"href":"https:\/\/terresdemotions.fr\/index.php\/wp-json\/wp\/v2\/posts\/11404\/revisions"}],"predecessor-version":[{"id":12103,"href":"https:\/\/terresdemotions.fr\/index.php\/wp-json\/wp\/v2\/posts\/11404\/revisions\/12103"}],"wp:featuredmedia":[{"embeddable":true,"href":"https:\/\/terresdemotions.fr\/index.php\/wp-json\/wp\/v2\/media\/11406"}],"wp:attachment":[{"href":"https:\/\/terresdemotions.fr\/index.php\/wp-json\/wp\/v2\/media?parent=11404"}],"wp:term":[{"taxonomy":"category","embeddable":true,"href":"https:\/\/terresdemotions.fr\/index.php\/wp-json\/wp\/v2\/categories?post=11404"},{"taxonomy":"post_tag","embeddable":true,"href":"https:\/\/terresdemotions.fr\/index.php\/wp-json\/wp\/v2\/tags?post=11404"}],"curies":[{"name":"wp","href":"https:\/\/api.w.org\/{rel}","templated":true}]}}