{"id":1178,"date":"2017-06-10T22:06:24","date_gmt":"2017-06-10T20:06:24","guid":{"rendered":"http:\/\/clubrando06.com\/?p=1178"},"modified":"2018-04-11T22:27:52","modified_gmt":"2018-04-11T20:27:52","slug":"lac-jugale-lacs-de-la-vallee-des-merveilles-berghe-roya","status":"publish","type":"post","link":"https:\/\/terresdemotions.fr\/index.php\/2017\/06\/10\/lac-jugale-lacs-de-la-vallee-des-merveilles-berghe-roya\/","title":{"rendered":"Lac Jugale -lacs de la vall\u00e9e des Merveilles-Berghe -Roya"},"content":{"rendered":"<p><a href=\"https:\/\/www.eventbrite.fr\/e\/billets-programme-clubrando06-2017-9958402851?ref=ebtn\" target=\"_blank\" rel=\"noopener noreferrer\"><img decoding=\"async\" src=\"https:\/\/www.eventbrite.fr\/custombutton?eid=9958402851\" alt=\"Eventbrite - Programme clubrando06 : 2017\"><\/a><\/p>\n<p>Probablement la randonn\u00e9e de l&rsquo;ann\u00e9e. Grandiose, Merveilleux, exceptionnelle !!<\/p>\n<p>Une randonn\u00e9e \u00e0 couper le souffle avec un panorama magique. Le d\u00e9part est donn\u00e9 au-dessus de Berghe dans le vallon de la C\u00e9va. Rapidement, la for\u00eat s&rsquo;efface au profit d&rsquo;alpages de montagne. Le sentier serpente sur plusieurs plateaux herbeux, petit passage par un m\u00e9morial suite au crash d&rsquo;un avion am\u00e9ricain pendant la deuxi\u00e8me guerre mondiale, puis apr\u00e8s un petit raidillon, le lac jugale, plein en cette saison (800 D+). Une derni\u00e8re courte montagne (200 D+), et derri\u00e8re la cr\u00eate pas moins de 7 lacs \u00e0&nbsp; port\u00e9e de vue. Mais aussi le mont B\u00e9go, le Grand Capelet, les gravures des merveilles au loin. Quelques chamois, quelques marmottes, des fleurs de partout dont la nigritelle, la soldanelle, les pens\u00e9es, les gentianes.&nbsp; Les photos parlent d&rsquo;elles-m\u00eames<\/p>\n<p>Merci \u00e0 Christine, pour le texte et les photos. Et Merci \u00e0 Ga\u00ebl et Alain pour avoir mis \u00e0 disposition leur voiture sur une piste pas si facile.<\/p>\nngg_shortcode_0_placeholder\n","protected":false},"excerpt":{"rendered":"<p>Probablement la randonn\u00e9e de l&rsquo;ann\u00e9e. Grandiose, Merveilleux, exceptionnelle !! Une randonn\u00e9e \u00e0 couper le souffle avec un panorama magique. Le d\u00e9part est donn\u00e9 au-dessus de Berghe dans le vallon de la C\u00e9va. Rapidement, la for\u00eat s&rsquo;efface au profit d&rsquo;alpages de montagne. Le sentier serpente sur plusieurs plateaux herbeux, petit passage par un m\u00e9morial suite au [&hellip;]<\/p>\n","protected":false},"author":1,"featured_media":1559,"comment_status":"open","ping_status":"open","sticky":false,"template":"","format":"standard","meta":{"_bbp_topic_count":0,"_bbp_reply_count":0,"_bbp_total_topic_count":0,"_bbp_total_reply_count":0,"_bbp_voice_count":0,"_bbp_anonymous_reply_count":0,"_bbp_topic_count_hidden":0,"_bbp_reply_count_hidden":0,"_bbp_forum_subforum_count":0,"content-type":"","_exactmetrics_skip_tracking":false,"_exactmetrics_sitenote_active":false,"_exactmetrics_sitenote_note":"","_exactmetrics_sitenote_category":0,"_monsterinsights_skip_tracking":false,"_monsterinsights_sitenote_active":false,"_monsterinsights_sitenote_note":"","_monsterinsights_sitenote_category":0,"ngg_post_thumbnail":0,"_price":"","_stock":"","_tribe_ticket_header":"","_tribe_default_ticket_provider":"","_tribe_ticket_capacity":"0","_ticket_start_date":"","_ticket_end_date":"","_tribe_ticket_show_description":"","_tribe_ticket_show_not_going":false,"_tribe_ticket_use_global_stock":"","_tribe_ticket_global_stock_level":"","_global_stock_mode":"","_global_stock_cap":"","_tribe_rsvp_for_event":"","_tribe_ticket_going_count":"","_tribe_ticket_not_going_count":"","_tribe_tickets_list":"[]","_tribe_ticket_has_attendee_info_fields":false,"_jetpack_memberships_contains_paid_content":false,"footnotes":""},"categories":[42,9,41],"tags":[],"class_list":["post-1178","post","type-post","status-publish","format-standard","has-post-thumbnail","hentry","category-randonnee","category-vallee-de-la-roya","category-vallee-des-merveilles"],"jetpack_featured_media_url":"https:\/\/terresdemotions.fr\/wp-content\/uploads\/ngg_featured\/20170610_141220.jpg","jetpack_sharing_enabled":true,"_links":{"self":[{"href":"https:\/\/terresdemotions.fr\/index.php\/wp-json\/wp\/v2\/posts\/1178","targetHints":{"allow":["GET"]}}],"collection":[{"href":"https:\/\/terresdemotions.fr\/index.php\/wp-json\/wp\/v2\/posts"}],"about":[{"href":"https:\/\/terresdemotions.fr\/index.php\/wp-json\/wp\/v2\/types\/post"}],"author":[{"embeddable":true,"href":"https:\/\/terresdemotions.fr\/index.php\/wp-json\/wp\/v2\/users\/1"}],"replies":[{"embeddable":true,"href":"https:\/\/terresdemotions.fr\/index.php\/wp-json\/wp\/v2\/comments?post=1178"}],"version-history":[{"count":2,"href":"https:\/\/terresdemotions.fr\/index.php\/wp-json\/wp\/v2\/posts\/1178\/revisions"}],"predecessor-version":[{"id":3921,"href":"https:\/\/terresdemotions.fr\/index.php\/wp-json\/wp\/v2\/posts\/1178\/revisions\/3921"}],"wp:featuredmedia":[{"embeddable":true,"href":"https:\/\/terresdemotions.fr\/index.php\/wp-json\/wp\/v2\/media\/1559"}],"wp:attachment":[{"href":"https:\/\/terresdemotions.fr\/index.php\/wp-json\/wp\/v2\/media?parent=1178"}],"wp:term":[{"taxonomy":"category","embeddable":true,"href":"https:\/\/terresdemotions.fr\/index.php\/wp-json\/wp\/v2\/categories?post=1178"},{"taxonomy":"post_tag","embeddable":true,"href":"https:\/\/terresdemotions.fr\/index.php\/wp-json\/wp\/v2\/tags?post=1178"}],"curies":[{"name":"wp","href":"https:\/\/api.w.org\/{rel}","templated":true}]}}