{"id":1182,"date":"2017-06-25T22:07:56","date_gmt":"2017-06-25T20:07:56","guid":{"rendered":"http:\/\/clubrando06.com\/?p=1182"},"modified":"2018-01-18T18:55:39","modified_gmt":"2018-01-18T17:55:39","slug":"lac-de-tavels-isola-2000","status":"publish","type":"post","link":"https:\/\/terresdemotions.fr\/index.php\/2017\/06\/25\/lac-de-tavels-isola-2000\/","title":{"rendered":"Lac de Tavels-Isola 2000"},"content":{"rendered":"<p>[:fr]<a href=\"https:\/\/www.eventbrite.fr\/e\/billets-programme-clubrando06-2017-9958402851?ref=ebtn\" target=\"_blank\" rel=\"noopener noreferrer\"><img decoding=\"async\" src=\"https:\/\/www.eventbrite.fr\/custombutton?eid=9958402851\" alt=\"Eventbrite - Programme clubrando06 : 2017\"><\/a><\/p>\n<p>Ce dimanche 25 juin, nous fuyons l&rsquo;atmosph\u00e8re&nbsp; chaude et humide de la vall\u00e9e pour monter vers la station de ski d&rsquo; ISOLA 2000 o\u00f9 l&rsquo;air y est plus frais. App\u00e2t\u00e9s par l&rsquo;id\u00e9e de d\u00e9couvrir le lac de Tavels, voire m\u00eame de s&rsquo;y baigner, nous avons d\u00e9but\u00e9 notre ascension pr\u00e8s de la retenue d&rsquo;eau alimentant les canons \u00e0&nbsp; neige en hiver, sous l&rsquo;ombre imposante du Mont Malinvern culminant \u00e0&nbsp; 2938 m. Puis, arriv\u00e9s au Col Merci\u00e8re (2342 m) tout en observant les blockhaus de la derni\u00e8re guerre, nous apercevons des chamois tout autour. Nous laissons le chemin qui m\u00e8ne \u00e0&nbsp; la t\u00eate Merci\u00e8re \u00e0 droite, pour nous engager sur un sentier tr\u00e8s vite encombr\u00e9 de pierres et de rochers impressionnants par leur taille. L&rsquo;attention est intense, le pied cherche la stabilit\u00e9 pas toujours \u00e9vidente. Les cairns nous guident, mais nous traversons selon notre intuition. Le lac (2235 m) n&rsquo;est pas loin, on l&rsquo;aper\u00e7oit, il est magnifique, le min\u00e9ral domine, laissant quelques massifs de rhododendrons et de petites fleurs lui donner une nuance de vert. Les plus courageux se sont baign\u00e9s dans le lac. \u00ab\u00a0Elle n&rsquo;est pas tr\u00e8s fraiche\u00a0\u00bb d&rsquo;apr\u00e8s eux. Les petits poissons \u00ab picorent \u00bb les doigts de pied. Cinq d&rsquo;entre nous ont eu la douce folie de grimper (350 m D), pour admirer le lac de Portette (lac italien), de l&rsquo;autre c\u00f4t\u00e9 de la paroi rocheuse ! Eh oui, on est comme \u00e7a dans notre Club, curieux d&rsquo;aller toujours plus haut et plus loin pour \u00eatre encore plus \u00e9blouis par ces merveilleux panoramas de montagne.&nbsp;<\/p>\n<p>Merci \u00e0 Christine pour le texte et les photos<\/p>\n<p>ngg_shortcode_0_placeholder[:en]<a href=\"https:\/\/www.eventbrite.fr\/e\/billets-programme-clubrando06-2017-9958402851?ref=ebtn\" target=\"_blank\" rel=\"noopener noreferrer\"><img decoding=\"async\" src=\"https:\/\/www.eventbrite.fr\/custombutton?eid=9958402851\" alt=\"Eventbrite - Programme clubrando06 : 2017\"><\/a><\/p>\n<p>Ce dimanche 25 juin, nous fuyons l&rsquo;atmosph\u00e8re&nbsp; chaude et humide de la vall\u00e9e pour monter vers la station de ski d&rsquo; ISOLA 2000 o\u00f9 l&rsquo;air y est plus frais. App\u00e2t\u00e9s par l&rsquo;id\u00e9e de d\u00e9couvrir le lac de Tavels, voire m\u00eame de s&rsquo;y baigner, nous avons d\u00e9but\u00e9 notre ascension pr\u00e8s de la retenue d&rsquo;eau alimentant les canons \u00e0&nbsp; neige en hiver, sous l&rsquo;ombre imposante du Mont Malinvern culminant \u00e0&nbsp; 2938 m. Puis, arriv\u00e9s au Col Merci\u00e8re (2342 m) tout en observant les blockhaus de la derni\u00e8re guerre, nous apercevons des chamois tout autour. Nous laissons le chemin qui m\u00e8ne \u00e0&nbsp; la t\u00eate Merci\u00e8re \u00e0 droite, pour nous engager sur un sentier tr\u00e8s vite encombr\u00e9 de pierres et de rochers impressionnants par leur taille. L&rsquo;attention est intense, le pied cherche la stabilit\u00e9 pas toujours \u00e9vidente. Les cairns nous guident, mais nous traversons selon notre intuition. Le lac (2235 m) n&rsquo;est pas loin, on l&rsquo;aper\u00e7oit, il est magnifique, le min\u00e9ral domine, laissant quelques massifs de rhododendrons et de petites fleurs lui donner une nuance de vert. Les plus courageux se sont baign\u00e9s dans le lac. \u00ab\u00a0Elle n&rsquo;est pas tr\u00e8s fraiche\u00a0\u00bb d&rsquo;apr\u00e8s eux. Les petits poissons \u00ab picorent \u00bb les doigts de pied. Cinq d&rsquo;entre nous ont eu la douce folie de grimper (350 m D), pour admirer le lac de Portette (lac italien), de l&rsquo;autre c\u00f4t\u00e9 de la paroi rocheuse ! Eh oui, on est comme \u00e7a dans notre Club, curieux d&rsquo;aller toujours plus haut et plus loin pour \u00eatre encore plus \u00e9blouis par ces merveilleux panoramas de montagne.&nbsp;<\/p>\n<p>Merci \u00e0 Christine pour le texte et les photos<br \/>\nngg_shortcode_1_placeholder[:]<\/p>\n","protected":false},"excerpt":{"rendered":"<p>[:fr] Ce dimanche 25 juin, nous fuyons l&rsquo;atmosph\u00e8re&nbsp; chaude et humide de la vall\u00e9e pour monter vers la station de ski d&rsquo; ISOLA 2000 o\u00f9 l&rsquo;air y est plus frais. App\u00e2t\u00e9s par l&rsquo;id\u00e9e de d\u00e9couvrir le lac de Tavels, voire m\u00eame de s&rsquo;y baigner, nous avons d\u00e9but\u00e9 notre ascension pr\u00e8s de la retenue d&rsquo;eau alimentant [&hellip;]<\/p>\n","protected":false},"author":1,"featured_media":1526,"comment_status":"open","ping_status":"open","sticky":false,"template":"","format":"standard","meta":{"_bbp_topic_count":0,"_bbp_reply_count":0,"_bbp_total_topic_count":0,"_bbp_total_reply_count":0,"_bbp_voice_count":0,"_bbp_anonymous_reply_count":0,"_bbp_topic_count_hidden":0,"_bbp_reply_count_hidden":0,"_bbp_forum_subforum_count":0,"content-type":"","_exactmetrics_skip_tracking":false,"_exactmetrics_sitenote_active":false,"_exactmetrics_sitenote_note":"","_exactmetrics_sitenote_category":0,"_monsterinsights_skip_tracking":false,"_monsterinsights_sitenote_active":false,"_monsterinsights_sitenote_note":"","_monsterinsights_sitenote_category":0,"ngg_post_thumbnail":0,"_price":"","_stock":"","_tribe_ticket_header":"","_tribe_default_ticket_provider":"","_tribe_ticket_capacity":"0","_ticket_start_date":"","_ticket_end_date":"","_tribe_ticket_show_description":"","_tribe_ticket_show_not_going":false,"_tribe_ticket_use_global_stock":"","_tribe_ticket_global_stock_level":"","_global_stock_mode":"","_global_stock_cap":"","_tribe_rsvp_for_event":"","_tribe_ticket_going_count":"","_tribe_ticket_not_going_count":"","_tribe_tickets_list":"[]","_tribe_ticket_has_attendee_info_fields":false,"_jetpack_memberships_contains_paid_content":false,"footnotes":""},"categories":[42,7],"tags":[],"class_list":["post-1182","post","type-post","status-publish","format-standard","has-post-thumbnail","hentry","category-randonnee","category-vallee-de-la-vesubie"],"jetpack_featured_media_url":"https:\/\/terresdemotions.fr\/wp-content\/uploads\/ngg_featured\/20170625_121934.jpg","jetpack_sharing_enabled":true,"_links":{"self":[{"href":"https:\/\/terresdemotions.fr\/index.php\/wp-json\/wp\/v2\/posts\/1182","targetHints":{"allow":["GET"]}}],"collection":[{"href":"https:\/\/terresdemotions.fr\/index.php\/wp-json\/wp\/v2\/posts"}],"about":[{"href":"https:\/\/terresdemotions.fr\/index.php\/wp-json\/wp\/v2\/types\/post"}],"author":[{"embeddable":true,"href":"https:\/\/terresdemotions.fr\/index.php\/wp-json\/wp\/v2\/users\/1"}],"replies":[{"embeddable":true,"href":"https:\/\/terresdemotions.fr\/index.php\/wp-json\/wp\/v2\/comments?post=1182"}],"version-history":[{"count":2,"href":"https:\/\/terresdemotions.fr\/index.php\/wp-json\/wp\/v2\/posts\/1182\/revisions"}],"predecessor-version":[{"id":1527,"href":"https:\/\/terresdemotions.fr\/index.php\/wp-json\/wp\/v2\/posts\/1182\/revisions\/1527"}],"wp:featuredmedia":[{"embeddable":true,"href":"https:\/\/terresdemotions.fr\/index.php\/wp-json\/wp\/v2\/media\/1526"}],"wp:attachment":[{"href":"https:\/\/terresdemotions.fr\/index.php\/wp-json\/wp\/v2\/media?parent=1182"}],"wp:term":[{"taxonomy":"category","embeddable":true,"href":"https:\/\/terresdemotions.fr\/index.php\/wp-json\/wp\/v2\/categories?post=1182"},{"taxonomy":"post_tag","embeddable":true,"href":"https:\/\/terresdemotions.fr\/index.php\/wp-json\/wp\/v2\/tags?post=1182"}],"curies":[{"name":"wp","href":"https:\/\/api.w.org\/{rel}","templated":true}]}}