{"id":1184,"date":"2017-07-16T22:08:53","date_gmt":"2017-07-16T20:08:53","guid":{"rendered":"http:\/\/clubrando06.com\/?p=1184"},"modified":"2018-01-18T00:05:47","modified_gmt":"2018-01-17T23:05:47","slug":"cirque-de-la-cime-de-la-valette-de-prals","status":"publish","type":"post","link":"https:\/\/terresdemotions.fr\/index.php\/2017\/07\/16\/cirque-de-la-cime-de-la-valette-de-prals\/","title":{"rendered":"[:fr]Cirque de la cime de la valette de Prals[:]"},"content":{"rendered":"<p>[:fr]<a href=\"https:\/\/www.eventbrite.fr\/e\/billets-programme-clubrando06-2017-9958402851?ref=ebtn\" target=\"_blank\" rel=\"noopener noreferrer\"><img decoding=\"async\" src=\"https:\/\/www.eventbrite.fr\/custombutton?eid=9958402851\" alt=\"Eventbrite - Programme clubrando06 : 2017\"><\/a><\/p>\n<p><span style=\"margin: 0px; font-family: 'Tahoma',sans-serif; font-size: 10pt;\"><span style=\"color: #000000;\">Ce dimanche 16 juillet la fraicheur des alpages est recherch\u00e9e. Au-dessus du village de Belv\u00e9d\u00e8re dans la V\u00e9subie, on emprunte une piste carrossable de 6 km, pas toujours en bon \u00e9tat, et on se gare juste avant la Vacherie de F\u00e9risson. Au retour, promis, on s\u2019ach\u00e8tera un bon fromage !<br \/>\nNous d\u00e9marrons notre randonn\u00e9e derri\u00e8re la Vacherie par une mont\u00e9e progressive devenant plus raide, en direction de la Cime de la Valette de Prals (2496 m). La promesse d\u2019un panorama magnifique sur les secteurs des Merveilles, Bor\u00e9on, V\u00e9subie et Gordolasque, nous encourage \u00e0 couper par le cirque de F\u00e9risson. L\u00e0, une grande croix en bois fait office de carrefour et marque notre arriv\u00e9e \u00e0 la Baisse de F\u00e9risson (2254 m) laissant se d\u00e9gager une vue magnifique sur l\u2019embl\u00e9matique G\u00e9las (3143 m), mais \u00e9galement en contrebas, sur le sanctuaire de la Madone de Fenestre. Un petit criquet (Jiminy ?) semble vouloir nous accompagner. La \u00ab voix de notre conscience \u00bb nous guide sur un chemin en balcon au-dessus du cirque de F\u00e9risson bord\u00e9 de fleurs : millepertuis, \u0153illets, , joubarbe, p\u00e9diculaire, et m\u00eame un champ d\u2019arnica.<br \/>\nDirection la cime de la Valette. La vue se d\u00e9gage sur le massif des Merveilles, de la Gordolasque et sur le G\u00e9las. La Cime de la Vallette de Prals (2496 m) orn\u00e9 d\u2019une belle croix, nous offre une vue magnifique sur les sommets comme le St Robert, le G\u00e9las, le Ponset et le Mont Neiglier, la Cime Paranova, le Grand Capelet, le B\u00e9go, la Cime du Diable et le Capelet Sup\u00e9rieur. Nous faisons la pause d\u00e9jeuner ICI, c\u2019est trop beau. Il faut prendre le temps d\u2019admirer. Petit aper\u00e7u sur les lacs de Prals un peu plus bas (2269 m). L\u2019air se rafraichit, soudain une brume blanche s\u2019avance vers nous, masquant les cimes alentours. Il se d\u00e9gage alors une atmosph\u00e8re \u00e9trange, presque myst\u00e9rieuse. La visibilit\u00e9 \u00e9tant plus restreinte, nous portons notre regard \u00e0 nos pieds et apercevons quelques fleurs de g\u00e9n\u00e9pi nous rappelant ses propri\u00e9t\u00e9s stimulante et tonifiante. Le retour se fait hors sentier sans marquage, par un sentier \u00e0 peine marqu\u00e9, qu\u2019autrefois les bergers empruntaient. Les sifflets des marmottes nous rappellent que nous sommes sur leur territoire, certaines courent de terrier en terrier. Chose promise, chose due, arriv\u00e9s \u00e0 la vacherie, nous nous offrons un morceau de fromage de ferme afin de le d\u00e9guster \u00e0 la maison en pensant \u00e0 cette belle journ\u00e9e d\u2019\u00e9t\u00e9 pass\u00e9e dans une ambiance de sympathiques randonneurs. Nous quittons ce bel endroit et jetons un dernier coup d\u2019\u0153il sur ce village m\u00e9di\u00e9val de Belv\u00e9d\u00e8re, vue de la route puis en le traversant. Au d\u00e9part de la vacherie, cela a permis d&rsquo;offrir une randonn\u00e9e dans un coin de nature merveilleux dont l\u2019acc\u00e8s peu facile a permis d\u2019en faire une rando sans difficult\u00e9.<\/span><\/span><\/p>\n<p>Merci \u00e0 Christine pour le texte et le photos.&nbsp;<\/p>\n<p>Yohann clubrando06<\/p>\n<p>ngg_shortcode_0_placeholder[:]<\/p>\n","protected":false},"excerpt":{"rendered":"<p>[:fr] Ce dimanche 16 juillet la fraicheur des alpages est recherch\u00e9e. Au-dessus du village de Belv\u00e9d\u00e8re dans la V\u00e9subie, on emprunte une piste carrossable de 6 km, pas toujours en bon \u00e9tat, et on se gare juste avant la Vacherie de F\u00e9risson. Au retour, promis, on s\u2019ach\u00e8tera un bon fromage ! Nous d\u00e9marrons notre randonn\u00e9e [&hellip;]<\/p>\n","protected":false},"author":1,"featured_media":1516,"comment_status":"open","ping_status":"open","sticky":false,"template":"","format":"standard","meta":{"_bbp_topic_count":0,"_bbp_reply_count":0,"_bbp_total_topic_count":0,"_bbp_total_reply_count":0,"_bbp_voice_count":0,"_bbp_anonymous_reply_count":0,"_bbp_topic_count_hidden":0,"_bbp_reply_count_hidden":0,"_bbp_forum_subforum_count":0,"content-type":"","_exactmetrics_skip_tracking":false,"_exactmetrics_sitenote_active":false,"_exactmetrics_sitenote_note":"","_exactmetrics_sitenote_category":0,"_monsterinsights_skip_tracking":false,"_monsterinsights_sitenote_active":false,"_monsterinsights_sitenote_note":"","_monsterinsights_sitenote_category":0,"ngg_post_thumbnail":0,"_price":"","_stock":"","_tribe_ticket_header":"","_tribe_default_ticket_provider":"","_tribe_ticket_capacity":"0","_ticket_start_date":"","_ticket_end_date":"","_tribe_ticket_show_description":"","_tribe_ticket_show_not_going":false,"_tribe_ticket_use_global_stock":"","_tribe_ticket_global_stock_level":"","_global_stock_mode":"","_global_stock_cap":"","_tribe_rsvp_for_event":"","_tribe_ticket_going_count":"","_tribe_ticket_not_going_count":"","_tribe_tickets_list":"[]","_tribe_ticket_has_attendee_info_fields":false,"_jetpack_memberships_contains_paid_content":false,"footnotes":""},"categories":[42,7],"tags":[],"class_list":["post-1184","post","type-post","status-publish","format-standard","has-post-thumbnail","hentry","category-randonnee","category-vallee-de-la-vesubie"],"jetpack_featured_media_url":"https:\/\/terresdemotions.fr\/wp-content\/uploads\/ngg_featured\/20170716_122725.jpg","jetpack_sharing_enabled":true,"_links":{"self":[{"href":"https:\/\/terresdemotions.fr\/index.php\/wp-json\/wp\/v2\/posts\/1184","targetHints":{"allow":["GET"]}}],"collection":[{"href":"https:\/\/terresdemotions.fr\/index.php\/wp-json\/wp\/v2\/posts"}],"about":[{"href":"https:\/\/terresdemotions.fr\/index.php\/wp-json\/wp\/v2\/types\/post"}],"author":[{"embeddable":true,"href":"https:\/\/terresdemotions.fr\/index.php\/wp-json\/wp\/v2\/users\/1"}],"replies":[{"embeddable":true,"href":"https:\/\/terresdemotions.fr\/index.php\/wp-json\/wp\/v2\/comments?post=1184"}],"version-history":[{"count":2,"href":"https:\/\/terresdemotions.fr\/index.php\/wp-json\/wp\/v2\/posts\/1184\/revisions"}],"predecessor-version":[{"id":1517,"href":"https:\/\/terresdemotions.fr\/index.php\/wp-json\/wp\/v2\/posts\/1184\/revisions\/1517"}],"wp:featuredmedia":[{"embeddable":true,"href":"https:\/\/terresdemotions.fr\/index.php\/wp-json\/wp\/v2\/media\/1516"}],"wp:attachment":[{"href":"https:\/\/terresdemotions.fr\/index.php\/wp-json\/wp\/v2\/media?parent=1184"}],"wp:term":[{"taxonomy":"category","embeddable":true,"href":"https:\/\/terresdemotions.fr\/index.php\/wp-json\/wp\/v2\/categories?post=1184"},{"taxonomy":"post_tag","embeddable":true,"href":"https:\/\/terresdemotions.fr\/index.php\/wp-json\/wp\/v2\/tags?post=1184"}],"curies":[{"name":"wp","href":"https:\/\/api.w.org\/{rel}","templated":true}]}}