{"id":1202,"date":"2017-10-29T22:16:40","date_gmt":"2017-10-29T21:16:40","guid":{"rendered":"http:\/\/clubrando06.com\/?p=1202"},"modified":"2018-04-12T22:22:21","modified_gmt":"2018-04-12T20:22:21","slug":"foret-dautomne-argenton-vallee-du-coulomp","status":"publish","type":"post","link":"https:\/\/terresdemotions.fr\/index.php\/2017\/10\/29\/foret-dautomne-argenton-vallee-du-coulomp\/","title":{"rendered":"For\u00eat d&rsquo;automne &#8211; Argenton &#8211; Vall\u00e9e du coulomp"},"content":{"rendered":"<p><a href=\"https:\/\/www.eventbrite.fr\/e\/billets-programme-clubrando06-2017-9958402851?ref=ebtn\" target=\"_blank\" rel=\"noopener noreferrer\"><img decoding=\"async\" src=\"https:\/\/www.eventbrite.fr\/custombutton?eid=9958402851\" alt=\"Eventbrite - Programme clubrando06 : 2017\"><\/a><\/p>\n<p><span style=\"font-size: 10pt;\"><span style=\"margin: 0px; font-family: 'Tahoma',sans-serif;\"><span style=\"color: #000000;\">Ce 29 octobre 2017 est marqu\u00e9 par une explosion de couleurs d\u2019automne. Au d\u00e9part du village de FUGERET (Alpes de Haute Provence) une magnifique randonn\u00e9e en boucle de 500 m de d\u00e9nivel\u00e9, ponctu\u00e9e par le ramassage de ch\u00e2taignes, fait la joie de nos randonneurs gourmands. Sur un \u00e9pais tapis de feuilles mortes, des blocs de gr\u00e8s, c\u00e9l\u00e8bres \u00e0 ANNOT, sont r\u00e9partis par centaines tout autour. Nous avons rencontr\u00e9 de jeunes adeptes de l\u2019escalade partant d\u00e9couvrir les plus beaux sp\u00e9cimens. Charg\u00e9s de sacs de ch\u00e2taignes, courageusement, nos randonneurs d\u00e9couvrent le petit village d\u2019ARGENTON typique de ces villages isol\u00e9s de notre r\u00e9gion o\u00f9 le temps semble suspendu. Au-dessus de celui-ci, un panorama imprenable s\u2019ouvre devant nous sur la vall\u00e9e du Coulomp, le col du Fa jusqu\u2019au Mont Auvare (pays de Roudoule dans les Alpes Maritimes). 18 km ont \u00e9t\u00e9 le prix \u00e0 payer pour m\u00e9riter cette belle journ\u00e9e. Dans la perspective d\u2019une belle po\u00eal\u00e9e de ch\u00e2taignes, le groupe de joyeux randonneurs quitte le 04 pour le 06 en se promettant d\u2019y revenir. Merci \u00e0 Daniel notre sympathique accompagnateur du jour.<\/span><\/span><\/span><\/p>\n<p>Merci \u00e0 Christine pour les photos et le texte et aussi \u00e0 Jonathan pour les photos<\/p>\nngg_shortcode_0_placeholder\n<p>&nbsp;<\/p>\n","protected":false},"excerpt":{"rendered":"<p>Ce 29 octobre 2017 est marqu\u00e9 par une explosion de couleurs d\u2019automne. Au d\u00e9part du village de FUGERET (Alpes de Haute Provence) une magnifique randonn\u00e9e en boucle de 500 m de d\u00e9nivel\u00e9, ponctu\u00e9e par le ramassage de ch\u00e2taignes, fait la joie de nos randonneurs gourmands. Sur un \u00e9pais tapis de feuilles mortes, des blocs de [&hellip;]<\/p>\n","protected":false},"author":1,"featured_media":1362,"comment_status":"open","ping_status":"open","sticky":false,"template":"","format":"standard","meta":{"_bbp_topic_count":0,"_bbp_reply_count":0,"_bbp_total_topic_count":0,"_bbp_total_reply_count":0,"_bbp_voice_count":0,"_bbp_anonymous_reply_count":0,"_bbp_topic_count_hidden":0,"_bbp_reply_count_hidden":0,"_bbp_forum_subforum_count":0,"content-type":"","_exactmetrics_skip_tracking":false,"_exactmetrics_sitenote_active":false,"_exactmetrics_sitenote_note":"","_exactmetrics_sitenote_category":0,"_monsterinsights_skip_tracking":false,"_monsterinsights_sitenote_active":false,"_monsterinsights_sitenote_note":"","_monsterinsights_sitenote_category":0,"ngg_post_thumbnail":0,"_price":"","_stock":"","_tribe_ticket_header":"","_tribe_default_ticket_provider":"","_tribe_ticket_capacity":"0","_ticket_start_date":"","_ticket_end_date":"","_tribe_ticket_show_description":"","_tribe_ticket_show_not_going":false,"_tribe_ticket_use_global_stock":"","_tribe_ticket_global_stock_level":"","_global_stock_mode":"","_global_stock_cap":"","_tribe_rsvp_for_event":"","_tribe_ticket_going_count":"","_tribe_ticket_not_going_count":"","_tribe_tickets_list":"[]","_tribe_ticket_has_attendee_info_fields":false,"_jetpack_memberships_contains_paid_content":false,"footnotes":""},"categories":[42,1],"tags":[],"class_list":["post-1202","post","type-post","status-publish","format-standard","has-post-thumbnail","hentry","category-randonnee","category-vallee-du-var"],"jetpack_featured_media_url":"https:\/\/terresdemotions.fr\/wp-content\/uploads\/ngg_featured\/20171029_103544.jpg","jetpack_sharing_enabled":true,"_links":{"self":[{"href":"https:\/\/terresdemotions.fr\/index.php\/wp-json\/wp\/v2\/posts\/1202","targetHints":{"allow":["GET"]}}],"collection":[{"href":"https:\/\/terresdemotions.fr\/index.php\/wp-json\/wp\/v2\/posts"}],"about":[{"href":"https:\/\/terresdemotions.fr\/index.php\/wp-json\/wp\/v2\/types\/post"}],"author":[{"embeddable":true,"href":"https:\/\/terresdemotions.fr\/index.php\/wp-json\/wp\/v2\/users\/1"}],"replies":[{"embeddable":true,"href":"https:\/\/terresdemotions.fr\/index.php\/wp-json\/wp\/v2\/comments?post=1202"}],"version-history":[{"count":3,"href":"https:\/\/terresdemotions.fr\/index.php\/wp-json\/wp\/v2\/posts\/1202\/revisions"}],"predecessor-version":[{"id":3973,"href":"https:\/\/terresdemotions.fr\/index.php\/wp-json\/wp\/v2\/posts\/1202\/revisions\/3973"}],"wp:featuredmedia":[{"embeddable":true,"href":"https:\/\/terresdemotions.fr\/index.php\/wp-json\/wp\/v2\/media\/1362"}],"wp:attachment":[{"href":"https:\/\/terresdemotions.fr\/index.php\/wp-json\/wp\/v2\/media?parent=1202"}],"wp:term":[{"taxonomy":"category","embeddable":true,"href":"https:\/\/terresdemotions.fr\/index.php\/wp-json\/wp\/v2\/categories?post=1202"},{"taxonomy":"post_tag","embeddable":true,"href":"https:\/\/terresdemotions.fr\/index.php\/wp-json\/wp\/v2\/tags?post=1202"}],"curies":[{"name":"wp","href":"https:\/\/api.w.org\/{rel}","templated":true}]}}