{"id":1204,"date":"2017-11-12T22:17:40","date_gmt":"2017-11-12T21:17:40","guid":{"rendered":"http:\/\/clubrando06.com\/?p=1204"},"modified":"2018-02-14T22:04:17","modified_gmt":"2018-02-14T21:04:17","slug":"mont-st-honorat-vallee-du-var","status":"publish","type":"post","link":"https:\/\/terresdemotions.fr\/index.php\/2017\/11\/12\/mont-st-honorat-vallee-du-var\/","title":{"rendered":"Mont st Honorat &#8211; Vall\u00e9e du var"},"content":{"rendered":"<p><a href=\"https:\/\/www.eventbrite.fr\/e\/billets-programme-clubrando06-2017-9958402851?ref=ebtn\" target=\"_blank\" rel=\"noopener noreferrer\"><img decoding=\"async\" src=\"https:\/\/www.eventbrite.fr\/custombutton?eid=9958402851\" alt=\"Eventbrite - Programme clubrando06 : 2017\"><\/a><\/p>\n<p>Malgr\u00e9 les r\u00e9centes chutes de neige, celle-ci \u00e0 bien fondue en quelques jours. Le vent ayant aussi aid\u00e9. Il fait beau ce dimanche matin, pas de vent. Nous partons de la Pin\u00e9e, un hameau situ\u00e9 au dessus de Daluis. Nous progressons tranquillement pour arriver sur la cr\u00eate qui laisse entrevoir le Mont St Honorat. L&rsquo;endroit est saisissant. On peut apercevoir, les vall\u00e9es et micro vall\u00e9es de la vall\u00e9e du Var, les gorges d&rsquo;Amen, Le Tuebi, la Barlatte etc&#8230; un vue magnifique du Mounier et au loin, le mont B\u00e9go et le Grand Capelet. Sur la cr\u00eate \u00e0 partir de 2200, la neige fait son apparition, mais rien de bien m\u00e9chant. Par s\u00e9curit\u00e9, nous avons amen\u00e9s les raquettes avec nous. Mais peu \u00e0 peu le vent se l\u00e8ve en m\u00eame temps que nous progressons. Les rafales sont violentes. L&rsquo;heure du repas est proche et nous arr\u00eatons la mont\u00e9e \u00e0 2350 m. Finalement le vent nous oblige \u00e0 rebrousser chemin et finir notre repas plus bas. Le ciel est magnifique, le soleil nous r\u00e9chauffe, on aper\u00e7oit la Corse au loin. Le retour \u00e0 la maison fut \u00e9pique, mais \u00e7a c&rsquo;est une autre histoire&#8230;!<\/p>\n<p>D\u00e9couvrez la vid\u00e9o de la randonn\u00e9e (avant que le vent ne se l\u00e8ve) : <a href=\"http:\/\/clubrando06.fr\/wp-content\/uploads\/2017\/11\/Mont-St-Honorat.avi\">ICI<\/a><\/p>\n<p>Yohann<\/p>\nngg_shortcode_0_placeholder\n<p>&nbsp;<\/p>\n","protected":false},"excerpt":{"rendered":"<p>Malgr\u00e9 les r\u00e9centes chutes de neige, celle-ci \u00e0 bien fondue en quelques jours. Le vent ayant aussi aid\u00e9. Il fait beau ce dimanche matin, pas de vent. Nous partons de la Pin\u00e9e, un hameau situ\u00e9 au dessus de Daluis. Nous progressons tranquillement pour arriver sur la cr\u00eate qui laisse entrevoir le Mont St Honorat. L&rsquo;endroit [&hellip;]<\/p>\n","protected":false},"author":1,"featured_media":1360,"comment_status":"open","ping_status":"open","sticky":false,"template":"","format":"standard","meta":{"_bbp_topic_count":0,"_bbp_reply_count":0,"_bbp_total_topic_count":0,"_bbp_total_reply_count":0,"_bbp_voice_count":0,"_bbp_anonymous_reply_count":0,"_bbp_topic_count_hidden":0,"_bbp_reply_count_hidden":0,"_bbp_forum_subforum_count":0,"content-type":"","_exactmetrics_skip_tracking":false,"_exactmetrics_sitenote_active":false,"_exactmetrics_sitenote_note":"","_exactmetrics_sitenote_category":0,"_monsterinsights_skip_tracking":false,"_monsterinsights_sitenote_active":false,"_monsterinsights_sitenote_note":"","_monsterinsights_sitenote_category":0,"ngg_post_thumbnail":0,"_price":"","_stock":"","_tribe_ticket_header":"","_tribe_default_ticket_provider":"","_tribe_ticket_capacity":"0","_ticket_start_date":"","_ticket_end_date":"","_tribe_ticket_show_description":"","_tribe_ticket_show_not_going":false,"_tribe_ticket_use_global_stock":"","_tribe_ticket_global_stock_level":"","_global_stock_mode":"","_global_stock_cap":"","_tribe_rsvp_for_event":"","_tribe_ticket_going_count":"","_tribe_ticket_not_going_count":"","_tribe_tickets_list":"[]","_tribe_ticket_has_attendee_info_fields":false,"_jetpack_memberships_contains_paid_content":false,"footnotes":""},"categories":[42,39,1],"tags":[],"class_list":["post-1204","post","type-post","status-publish","format-standard","has-post-thumbnail","hentry","category-randonnee","category-raquettes-a-neige","category-vallee-du-var"],"jetpack_featured_media_url":"https:\/\/terresdemotions.fr\/wp-content\/uploads\/ngg_featured\/IMAG5839.jpg","jetpack_sharing_enabled":true,"_links":{"self":[{"href":"https:\/\/terresdemotions.fr\/index.php\/wp-json\/wp\/v2\/posts\/1204","targetHints":{"allow":["GET"]}}],"collection":[{"href":"https:\/\/terresdemotions.fr\/index.php\/wp-json\/wp\/v2\/posts"}],"about":[{"href":"https:\/\/terresdemotions.fr\/index.php\/wp-json\/wp\/v2\/types\/post"}],"author":[{"embeddable":true,"href":"https:\/\/terresdemotions.fr\/index.php\/wp-json\/wp\/v2\/users\/1"}],"replies":[{"embeddable":true,"href":"https:\/\/terresdemotions.fr\/index.php\/wp-json\/wp\/v2\/comments?post=1204"}],"version-history":[{"count":3,"href":"https:\/\/terresdemotions.fr\/index.php\/wp-json\/wp\/v2\/posts\/1204\/revisions"}],"predecessor-version":[{"id":2890,"href":"https:\/\/terresdemotions.fr\/index.php\/wp-json\/wp\/v2\/posts\/1204\/revisions\/2890"}],"wp:featuredmedia":[{"embeddable":true,"href":"https:\/\/terresdemotions.fr\/index.php\/wp-json\/wp\/v2\/media\/1360"}],"wp:attachment":[{"href":"https:\/\/terresdemotions.fr\/index.php\/wp-json\/wp\/v2\/media?parent=1204"}],"wp:term":[{"taxonomy":"category","embeddable":true,"href":"https:\/\/terresdemotions.fr\/index.php\/wp-json\/wp\/v2\/categories?post=1204"},{"taxonomy":"post_tag","embeddable":true,"href":"https:\/\/terresdemotions.fr\/index.php\/wp-json\/wp\/v2\/tags?post=1204"}],"curies":[{"name":"wp","href":"https:\/\/api.w.org\/{rel}","templated":true}]}}