{"id":12437,"date":"2020-10-12T22:07:12","date_gmt":"2020-10-12T20:07:12","guid":{"rendered":"https:\/\/terresdemotions.fr\/?p=12437"},"modified":"2021-01-24T22:50:52","modified_gmt":"2021-01-24T21:50:52","slug":"collobrieres-la-capitale-de-la-chataigne","status":"publish","type":"post","link":"https:\/\/terresdemotions.fr\/index.php\/2020\/10\/12\/collobrieres-la-capitale-de-la-chataigne\/","title":{"rendered":"Collobri\u00e8res, la Capitale de la Chataigne"},"content":{"rendered":"<h1>Collobri\u00e8res, la Capitale de la Ch\u00e2taigne<\/h1>\n<p>L&rsquo;orage gronde ce matin dans les Alpes-Maritimes, la pluie tombe en abondance sur notre beau pays. Alors Terres d&rsquo;\u00e9motions dans sa qu\u00eate de soleil prend la route pour le d\u00e9partement du Var, au c\u0153ur de la capitale de la ch\u00e2taigne, Collobri\u00e8res.<\/p>\n<p>Village dat\u00e9 du XII si\u00e8cle, apr\u00e8s la fabrication des bouchons de li\u00e8ge et des mines de m\u00e9taux, il s&rsquo;oriente vers la production de ch\u00e2taignes sous toutes ses formes (cr\u00e8me, de marrons, vin de ch\u00e2taigne, marrons glac\u00e9s, farine).<\/p>\n<p>Afin de connaitre les alentours, la randonn\u00e9e d&rsquo;aujourd&rsquo;hui parcours 12kms autour du village sur des cr\u00eates panoramiques, au milieu des menhirs, d&rsquo;une souche de ch\u00e2taignier vielle de 1000 ans. En descendant dans le vallon de la mali\u00e8re, nous nous arr\u00eatons pour d\u00e9jeuner et faire flamber des ch\u00e2taigne au feu de bois. Bon moment convivial suppl\u00e9\u00e9 par le ramassage de ch\u00e2taigne un peu plus bas dans la vall\u00e9e.<\/p>\n<p>Une remont\u00e9e tranquille au milieu des figuiers de barbarie, pour en ramasser quelques uns qui serviront \u00e0 faire de la confiture.<\/p>\n<p>En fin d&rsquo;apr\u00e8s midi, nous profitons de quelques stands dans le village pour faire quelques emplettes de productions locales et d&rsquo;une bonne glace \u00e0 la cr\u00e8me de marron.<\/p>\n<p>Cette randonn\u00e9e fut un v\u00e9ritable plaisir de d\u00e9couverte et d&rsquo;\u00e9motions<\/p>\n<p>Un grand Merci \u00e0 Jonathan pour les photos<\/p>\n<p>Yohann Accompagnateur en Montagne, Guide Terres d&rsquo;Emotions.<\/p>\nngg_shortcode_0_placeholder\n<p><!-- Global site tag (gtag.js) - Google Analytics --><\/p>\n<p>&nbsp;<\/p>\n","protected":false},"excerpt":{"rendered":"<p>Afin de connaitre les alentours, la randonn\u00e9e d&rsquo;aujourd&rsquo;hui parcours 12kms autour du village sur des cr\u00eates panoramiques, au milieu des menhirs, d&rsquo;une souche de ch\u00e2taignier vielle de 1000 ans. En descendant dans le vallon de la mali\u00e8re, nous nous arr\u00eatons pour d\u00e9jeuner et faire flamber des ch\u00e2taigne au feu de bois. Bon moment convivial suppl\u00e9\u00e9 par le ramassage de ch\u00e2taigne un peu plus bas dans la vall\u00e9e.<\/p>\n","protected":false},"author":1,"featured_media":12438,"comment_status":"closed","ping_status":"open","sticky":false,"template":"","format":"standard","meta":{"_bbp_topic_count":0,"_bbp_reply_count":0,"_bbp_total_topic_count":0,"_bbp_total_reply_count":0,"_bbp_voice_count":0,"_bbp_anonymous_reply_count":0,"_bbp_topic_count_hidden":0,"_bbp_reply_count_hidden":0,"_bbp_forum_subforum_count":0,"content-type":"","_exactmetrics_skip_tracking":false,"_exactmetrics_sitenote_active":false,"_exactmetrics_sitenote_note":"","_exactmetrics_sitenote_category":0,"_monsterinsights_skip_tracking":false,"_monsterinsights_sitenote_active":false,"_monsterinsights_sitenote_note":"","_monsterinsights_sitenote_category":0,"ngg_post_thumbnail":0,"_price":"","_stock":"","_tribe_ticket_header":"","_tribe_default_ticket_provider":"","_tribe_ticket_capacity":"0","_ticket_start_date":"","_ticket_end_date":"","_tribe_ticket_show_description":"","_tribe_ticket_show_not_going":false,"_tribe_ticket_use_global_stock":"","_tribe_ticket_global_stock_level":"","_global_stock_mode":"","_global_stock_cap":"","_tribe_rsvp_for_event":"","_tribe_ticket_going_count":"","_tribe_ticket_not_going_count":"","_tribe_tickets_list":"[]","_tribe_ticket_has_attendee_info_fields":false,"_jetpack_memberships_contains_paid_content":false,"footnotes":""},"categories":[180,267,15,42,44],"tags":[690,312,29],"class_list":["post-12437","post","type-post","status-publish","format-standard","has-post-thumbnail","hentry","category-departements-83-13","category-niveau-2","category-patrimoine","category-randonnee","category-themes","tag-chataignes","tag-crete","tag-var"],"jetpack_featured_media_url":"https:\/\/terresdemotions.fr\/wp-content\/uploads\/2020\/10\/DSC_3912-scaled.jpg","jetpack_sharing_enabled":true,"_links":{"self":[{"href":"https:\/\/terresdemotions.fr\/index.php\/wp-json\/wp\/v2\/posts\/12437","targetHints":{"allow":["GET"]}}],"collection":[{"href":"https:\/\/terresdemotions.fr\/index.php\/wp-json\/wp\/v2\/posts"}],"about":[{"href":"https:\/\/terresdemotions.fr\/index.php\/wp-json\/wp\/v2\/types\/post"}],"author":[{"embeddable":true,"href":"https:\/\/terresdemotions.fr\/index.php\/wp-json\/wp\/v2\/users\/1"}],"replies":[{"embeddable":true,"href":"https:\/\/terresdemotions.fr\/index.php\/wp-json\/wp\/v2\/comments?post=12437"}],"version-history":[{"count":3,"href":"https:\/\/terresdemotions.fr\/index.php\/wp-json\/wp\/v2\/posts\/12437\/revisions"}],"predecessor-version":[{"id":12461,"href":"https:\/\/terresdemotions.fr\/index.php\/wp-json\/wp\/v2\/posts\/12437\/revisions\/12461"}],"wp:featuredmedia":[{"embeddable":true,"href":"https:\/\/terresdemotions.fr\/index.php\/wp-json\/wp\/v2\/media\/12438"}],"wp:attachment":[{"href":"https:\/\/terresdemotions.fr\/index.php\/wp-json\/wp\/v2\/media?parent=12437"}],"wp:term":[{"taxonomy":"category","embeddable":true,"href":"https:\/\/terresdemotions.fr\/index.php\/wp-json\/wp\/v2\/categories?post=12437"},{"taxonomy":"post_tag","embeddable":true,"href":"https:\/\/terresdemotions.fr\/index.php\/wp-json\/wp\/v2\/tags?post=12437"}],"curies":[{"name":"wp","href":"https:\/\/api.w.org\/{rel}","templated":true}]}}