{"id":12509,"date":"2020-10-25T22:15:49","date_gmt":"2020-10-25T21:15:49","guid":{"rendered":"https:\/\/terresdemotions.fr\/?p=12509"},"modified":"2021-01-17T20:46:01","modified_gmt":"2021-01-17T19:46:01","slug":"gorges-grotte-oppidum-les-beautes-de-bagnols-en-foret","status":"publish","type":"post","link":"https:\/\/terresdemotions.fr\/index.php\/2020\/10\/25\/gorges-grotte-oppidum-les-beautes-de-bagnols-en-foret\/","title":{"rendered":"Gorges, Grotte, oppidum, les beaut\u00e9s de Bagnols en For\u00eat"},"content":{"rendered":"<h1>Gorges, Grotte, oppidum, les beaut\u00e9s de Bagnols en For\u00eat<\/h1>\n<p>Faisant parti du massif de l&rsquo;esterel, les gorges du Blavet se dressent sur notre parcours d\u00e8s ce matin. De l&rsquo;eau coule en cette fin de saison. le sentier au fond de gorges monte en rive droite pour nous mener \u00e0 la grotte du mureron.<\/p>\n<p>Une grotte habit\u00e9e d\u00e8s le n\u00e9olithique, il y a 12000 ans. Nous poursuivons notre retour \u00e0 travers la for\u00eat de pin, de fragon, de lentisques, de myrte pour prendre notre d\u00e9jeuner sur une ligne de cr\u00eate dominant le village de Bagnols en For\u00eat et et loin le littoral Varois.<\/p>\n<p>Sur la ligne de cr\u00eate, le chemin est agr\u00e9able, et les vues sont magnifiques. Ensuite, l&rsquo;oppidum de la Forteresse, une ancienne place militaire romaine. Un point de Vue exceptionnel dont les vestiges ne sont que des murs d&rsquo;enceintes \u00e9croul\u00e9es.<\/p>\n<p>Cette endroit a \u00e9t\u00e9 occup\u00e9 d\u00e8s 800 avant JC. En contrebas en s&rsquo;approchant du col de la pierre de coucou, les anciennes meuli\u00e8res. Il reste encore quelques vestiges de meulent non d\u00e9bit\u00e9es et de trous correspondant \u00e0 des meules taill\u00e9es.<\/p>\n<p>On a du mal \u00e0 croire que des meules ayant servi \u00e0 la fabrication de farine et d&rsquo;huile aient \u00e9t\u00e9 produites aussi loin du village.<\/p>\n<p>Une belle randonn\u00e9e d&rsquo;automne avec de belles couleurs<\/p>\n<p>Yohann Accompagnateur en Montagne, Guide Terres d&rsquo;Emotions.<\/p>\nngg_shortcode_0_placeholder\n<p><!-- Global site tag (gtag.js) - Google Analytics --><\/p>\n<p>&nbsp;<\/p>\n","protected":false},"excerpt":{"rendered":"<p>Faisant parti du massif de l&rsquo;esterel, les gorges du Blavet se dressent sur notre parcours d\u00e8s ce matin. De l&rsquo;eau coule en cette fin de saison. le sentier au fond de gorges monte en rive droite pour nous mener \u00e0 la grotte du mureron.<\/p>\n","protected":false},"author":1,"featured_media":12510,"comment_status":"closed","ping_status":"open","sticky":false,"template":"","format":"standard","meta":{"_bbp_topic_count":0,"_bbp_reply_count":0,"_bbp_total_topic_count":0,"_bbp_total_reply_count":0,"_bbp_voice_count":0,"_bbp_anonymous_reply_count":0,"_bbp_topic_count_hidden":0,"_bbp_reply_count_hidden":0,"_bbp_forum_subforum_count":0,"content-type":"","_exactmetrics_skip_tracking":false,"_exactmetrics_sitenote_active":false,"_exactmetrics_sitenote_note":"","_exactmetrics_sitenote_category":0,"_monsterinsights_skip_tracking":false,"_monsterinsights_sitenote_active":false,"_monsterinsights_sitenote_note":"","_monsterinsights_sitenote_category":0,"ngg_post_thumbnail":0,"_price":"","_stock":"","_tribe_ticket_header":"","_tribe_default_ticket_provider":"","_tribe_ticket_capacity":"0","_ticket_start_date":"","_ticket_end_date":"","_tribe_ticket_show_description":"","_tribe_ticket_show_not_going":false,"_tribe_ticket_use_global_stock":"","_tribe_ticket_global_stock_level":"","_global_stock_mode":"","_global_stock_cap":"","_tribe_rsvp_for_event":"","_tribe_ticket_going_count":"","_tribe_ticket_not_going_count":"","_tribe_tickets_list":"[]","_tribe_ticket_has_attendee_info_fields":false,"_jetpack_memberships_contains_paid_content":false,"footnotes":""},"categories":[180,37,267,42],"tags":[739,741,740,738],"class_list":["post-12509","post","type-post","status-publish","format-standard","has-post-thumbnail","hentry","category-departements-83-13","category-news","category-niveau-2","category-randonnee","tag-gorges","tag-grotte","tag-meulieres","tag-oppidum"],"jetpack_featured_media_url":"https:\/\/terresdemotions.fr\/wp-content\/uploads\/2020\/10\/DJI_0138-scaled.jpg","jetpack_sharing_enabled":true,"_links":{"self":[{"href":"https:\/\/terresdemotions.fr\/index.php\/wp-json\/wp\/v2\/posts\/12509","targetHints":{"allow":["GET"]}}],"collection":[{"href":"https:\/\/terresdemotions.fr\/index.php\/wp-json\/wp\/v2\/posts"}],"about":[{"href":"https:\/\/terresdemotions.fr\/index.php\/wp-json\/wp\/v2\/types\/post"}],"author":[{"embeddable":true,"href":"https:\/\/terresdemotions.fr\/index.php\/wp-json\/wp\/v2\/users\/1"}],"replies":[{"embeddable":true,"href":"https:\/\/terresdemotions.fr\/index.php\/wp-json\/wp\/v2\/comments?post=12509"}],"version-history":[{"count":1,"href":"https:\/\/terresdemotions.fr\/index.php\/wp-json\/wp\/v2\/posts\/12509\/revisions"}],"predecessor-version":[{"id":12511,"href":"https:\/\/terresdemotions.fr\/index.php\/wp-json\/wp\/v2\/posts\/12509\/revisions\/12511"}],"wp:featuredmedia":[{"embeddable":true,"href":"https:\/\/terresdemotions.fr\/index.php\/wp-json\/wp\/v2\/media\/12510"}],"wp:attachment":[{"href":"https:\/\/terresdemotions.fr\/index.php\/wp-json\/wp\/v2\/media?parent=12509"}],"wp:term":[{"taxonomy":"category","embeddable":true,"href":"https:\/\/terresdemotions.fr\/index.php\/wp-json\/wp\/v2\/categories?post=12509"},{"taxonomy":"post_tag","embeddable":true,"href":"https:\/\/terresdemotions.fr\/index.php\/wp-json\/wp\/v2\/tags?post=12509"}],"curies":[{"name":"wp","href":"https:\/\/api.w.org\/{rel}","templated":true}]}}