{"id":12767,"date":"2021-01-24T22:49:48","date_gmt":"2021-01-24T21:49:48","guid":{"rendered":"https:\/\/terresdemotions.fr\/?p=12767"},"modified":"2021-05-17T22:37:40","modified_gmt":"2021-05-17T20:37:40","slug":"montagne-de-thiey-saupoudree-de-neige","status":"publish","type":"post","link":"https:\/\/terresdemotions.fr\/index.php\/2021\/01\/24\/montagne-de-thiey-saupoudree-de-neige\/","title":{"rendered":"Montagne de Thiey saupoudr\u00e9e de neige"},"content":{"rendered":"<h1>Montagne de Thiey saupoudr\u00e9e de neige<\/h1>\n<p>Avec Terres d&rsquo;\u00e9motions, c&rsquo;est \u00eatre au bon endroit au bon moment. Une dizaine de centim\u00e8tres de neige fraichement tomb\u00e9e recouvrent la for\u00eat de h\u00eatres de Canaux.<\/p>\n<p>La route pour aller au village est enneig\u00e9e. Nous d\u00e9marrons la rando un kilom\u00e8tre avant. Nous remontons la piste \u00e0 l&rsquo;ouest que nous quittons pour suivre la piste du li\u00e8vre qui a fait ses traces dans la neige.<\/p>\n<p>Beaucoup de traces d&rsquo;animaux, chien, oiseau, renard et d&rsquo;autres encore nous montrent le chemin \u00e0 travers la for\u00eat de h\u00eatres. La neige est bien fix\u00e9e sur les branches et d\u00e9voilent des formes \u00e9tonnantes qu&rsquo;il n&rsquo;y a pas avec les conif\u00e8res.<\/p>\n<p>La trace est faite de zig zag \u00e0 travers le for\u00eat. Une balade tranquille tr\u00e8s plaisante au soleil. Puis nous arrivons sur la ligne de cr\u00eate laissant apparaitre la mer au loin et les sommets du Mercantour. Un v\u00e9ritable d\u00e9cor de carte postal.<\/p>\n<p>Et puis c&rsquo;est le d\u00e9jeuner au soleil sur la ligne de cr\u00eate aux abords d&rsquo;une mini for\u00eat. Il fait chaud, l&rsquo;endroit nous invite \u00e0 la sieste.<\/p>\n<p>La descente plus technique par un manque de neige nous invite \u00e0 la prudence et viens terminer cette randonn\u00e9e en boucle autour de Canaux. Retour sur le replat au milieu des chevaux.<\/p>\n<p>Merci \u00e0 Jonathan pour les photos<\/p>\n<p>Yohann Accompagnateur en Montagne, Guide Terres d&rsquo;Emotions.<\/p>\n<p>Randonn\u00e9e effectu\u00e9e avec deux accompagnateurs<\/p>\nngg_shortcode_0_placeholder\n<p><!-- Global site tag (gtag.js) - Google Analytics --><\/p>\n<p>&nbsp;<\/p>\n","protected":false},"excerpt":{"rendered":"<p>Avec Terres d&rsquo;\u00e9motions, c&rsquo;est \u00eatre au bon endroit au bon moment. Une dizaine de centim\u00e8tres de neige fraichement tomb\u00e9e recouvrent la for\u00eat de h\u00eatres de Canaux.<\/p>\n<p>La route pour aller au village est enneig\u00e9e. Nous d\u00e9marrons la rando un kilom\u00e8tre avant. Nous remontons la piste \u00e0 l&rsquo;ouest que nous quittons pour suivre la piste du li\u00e8vre qui a fait ses traces dans la neige.<\/p>\n","protected":false},"author":1,"featured_media":12770,"comment_status":"closed","ping_status":"open","sticky":false,"template":"","format":"standard","meta":{"_bbp_topic_count":0,"_bbp_reply_count":0,"_bbp_total_topic_count":0,"_bbp_total_reply_count":0,"_bbp_voice_count":0,"_bbp_anonymous_reply_count":0,"_bbp_topic_count_hidden":0,"_bbp_reply_count_hidden":0,"_bbp_forum_subforum_count":0,"content-type":"","_exactmetrics_skip_tracking":false,"_exactmetrics_sitenote_active":false,"_exactmetrics_sitenote_note":"","_exactmetrics_sitenote_category":0,"_monsterinsights_skip_tracking":false,"_monsterinsights_sitenote_active":false,"_monsterinsights_sitenote_note":"","_monsterinsights_sitenote_category":0,"ngg_post_thumbnail":3191,"_price":"","_stock":"","_tribe_ticket_header":"","_tribe_default_ticket_provider":"","_tribe_ticket_capacity":"0","_ticket_start_date":"","_ticket_end_date":"","_tribe_ticket_show_description":"","_tribe_ticket_show_not_going":false,"_tribe_ticket_use_global_stock":"","_tribe_ticket_global_stock_level":"","_global_stock_mode":"","_global_stock_cap":"","_tribe_rsvp_for_event":"","_tribe_ticket_going_count":"","_tribe_ticket_not_going_count":"","_tribe_tickets_list":"[]","_tribe_ticket_has_attendee_info_fields":false,"_jetpack_memberships_contains_paid_content":false,"footnotes":""},"categories":[267,42,39,10],"tags":[748,463,462,757],"class_list":["post-12767","post","type-post","status-publish","format-standard","has-post-thumbnail","hentry","category-niveau-2","category-randonnee","category-raquettes-a-neige","category-vallee-du-loup","tag-mer","tag-neige","tag-raquettes","tag-saint-vallier-de-thiey"],"jetpack_featured_media_url":"https:\/\/terresdemotions.fr\/wp-content\/uploads\/2021\/01\/nggallery_import\/DJI_0236.JPG","jetpack_sharing_enabled":true,"_links":{"self":[{"href":"https:\/\/terresdemotions.fr\/index.php\/wp-json\/wp\/v2\/posts\/12767","targetHints":{"allow":["GET"]}}],"collection":[{"href":"https:\/\/terresdemotions.fr\/index.php\/wp-json\/wp\/v2\/posts"}],"about":[{"href":"https:\/\/terresdemotions.fr\/index.php\/wp-json\/wp\/v2\/types\/post"}],"author":[{"embeddable":true,"href":"https:\/\/terresdemotions.fr\/index.php\/wp-json\/wp\/v2\/users\/1"}],"replies":[{"embeddable":true,"href":"https:\/\/terresdemotions.fr\/index.php\/wp-json\/wp\/v2\/comments?post=12767"}],"version-history":[{"count":1,"href":"https:\/\/terresdemotions.fr\/index.php\/wp-json\/wp\/v2\/posts\/12767\/revisions"}],"predecessor-version":[{"id":12769,"href":"https:\/\/terresdemotions.fr\/index.php\/wp-json\/wp\/v2\/posts\/12767\/revisions\/12769"}],"wp:featuredmedia":[{"embeddable":true,"href":"https:\/\/terresdemotions.fr\/index.php\/wp-json\/wp\/v2\/media\/12770"}],"wp:attachment":[{"href":"https:\/\/terresdemotions.fr\/index.php\/wp-json\/wp\/v2\/media?parent=12767"}],"wp:term":[{"taxonomy":"category","embeddable":true,"href":"https:\/\/terresdemotions.fr\/index.php\/wp-json\/wp\/v2\/categories?post=12767"},{"taxonomy":"post_tag","embeddable":true,"href":"https:\/\/terresdemotions.fr\/index.php\/wp-json\/wp\/v2\/tags?post=12767"}],"curies":[{"name":"wp","href":"https:\/\/api.w.org\/{rel}","templated":true}]}}