{"id":12857,"date":"2021-02-26T23:03:32","date_gmt":"2021-02-26T22:03:32","guid":{"rendered":"https:\/\/terresdemotions.fr\/?p=12857"},"modified":"2021-06-15T23:27:11","modified_gmt":"2021-06-15T21:27:11","slug":"les-terres-rouges-du-vallon-de-graus-soleil-et-neige","status":"publish","type":"post","link":"https:\/\/terresdemotions.fr\/index.php\/2021\/02\/26\/les-terres-rouges-du-vallon-de-graus-soleil-et-neige\/","title":{"rendered":"Les Terres Rouges du Vallon de Graus. Soleil et neige"},"content":{"rendered":"\n\n\n\n<h1>Les Terres Rouges du Vallon de Graus. Soleil et neige<\/h1>\n<p>Premi\u00e8re randonn\u00e9e dans la v\u00e9subie depuis la grosse temp\u00eate Alex qui a d\u00e9figur\u00e9 l&rsquo;arri\u00e8re pays. Les routes sont en passes d&rsquo;\u00eatre refaites et beaucoup de travaux sont engag\u00e9s dans la vall\u00e9e.<\/p>\n<p>L&rsquo;hiver semble pass\u00e9 en cette fin f\u00e9vrier. Les temp\u00e9ratures sont printani\u00e8res, le soleil est omnipr\u00e9sent. La neige a fondu et continuera \u00e0 fondre avec cette chaleur.<\/p>\n<p>Alors c&rsquo;est une randonn\u00e9e mixte aujourd&rsquo;hui mi-p\u00e9destre \/mi-raquettes. La neige est pr\u00e9sente \u00e0 1650 m et c&rsquo;est donc apr\u00e8s 200 m de D+ que les raquettes sont mises aux pieds.<\/p>\n<p>On pousse la marche \u00e0 550 m D+ pour aller d\u00e9jeuner sur un petit \u00e9peron dominant la vall\u00e9e de la v\u00e9subie.&nbsp; Le paysage est magnifique, ouvert au sud avec les montagnes du Cheiron et de l&rsquo;Audibergue.<\/p>\n<p>Au retour nous empruntons le sentier qui part de St Grat. La descente se passe dans les pins et sapins. Une for\u00eat magnifique enneig\u00e9e.<\/p>\n<p>C&rsquo;est lors d&rsquo;un micro arr\u00eat qu&rsquo;un chamois a d\u00e9boul\u00e9 juste devant nous. Une rencontre surprenante et inattendue dont le souvenir ne restera que dans nos m\u00e9moires.<\/p>\n<p>Yohann Accompagnateur en Montagne, Guide Terres d&rsquo;Emotions.<\/p>\nngg_shortcode_0_placeholder\n<p>&nbsp;<\/p>\n<p><!-- Global site tag (gtag.js) - Google Analytics --><\/p>\n<p>&nbsp;<\/p>","protected":false},"excerpt":{"rendered":"<p>Premi\u00e8re randonn\u00e9e dans la v\u00e9subie depuis la grosse temp\u00eate Alex qui a d\u00e9figur\u00e9 l&rsquo;arri\u00e8re pays. Les routes sont en passes d&rsquo;\u00eatre refaites et beaucoup de travaux sont engag\u00e9s dans la vall\u00e9e.<\/p>\n<p>L&rsquo;hiver semble pass\u00e9 en cette fin f\u00e9vrier. Les temp\u00e9ratures sont printani\u00e8res, le soleil est omnipr\u00e9sent. La neige a fondu et continuera \u00e0 fondre avec cette chaleur.<\/p>\n","protected":false},"author":1,"featured_media":12859,"comment_status":"closed","ping_status":"open","sticky":false,"template":"","format":"standard","meta":{"_bbp_topic_count":0,"_bbp_reply_count":0,"_bbp_total_topic_count":0,"_bbp_total_reply_count":0,"_bbp_voice_count":0,"_bbp_anonymous_reply_count":0,"_bbp_topic_count_hidden":0,"_bbp_reply_count_hidden":0,"_bbp_forum_subforum_count":0,"content-type":"","_exactmetrics_skip_tracking":false,"_exactmetrics_sitenote_active":false,"_exactmetrics_sitenote_note":"","_exactmetrics_sitenote_category":0,"_monsterinsights_skip_tracking":false,"_monsterinsights_sitenote_active":false,"_monsterinsights_sitenote_note":"","_monsterinsights_sitenote_category":0,"ngg_post_thumbnail":3191,"_price":"","_stock":"","_tribe_ticket_header":"","_tribe_default_ticket_provider":"","_tribe_ticket_capacity":"0","_ticket_start_date":"","_ticket_end_date":"","_tribe_ticket_show_description":"","_tribe_ticket_show_not_going":false,"_tribe_ticket_use_global_stock":"","_tribe_ticket_global_stock_level":"","_global_stock_mode":"","_global_stock_cap":"","_tribe_rsvp_for_event":"","_tribe_ticket_going_count":"","_tribe_ticket_not_going_count":"","_tribe_tickets_list":"[]","_tribe_ticket_has_attendee_info_fields":false,"_jetpack_memberships_contains_paid_content":false,"footnotes":""},"categories":[268,42,39,7],"tags":[637,463,462,30],"class_list":["post-12857","post","type-post","status-publish","format-standard","has-post-thumbnail","hentry","category-niveau-3","category-randonnee","category-raquettes-a-neige","category-vallee-de-la-vesubie","tag-belvedere","tag-neige","tag-raquettes","tag-vesubie"],"jetpack_featured_media_url":"https:\/\/terresdemotions.fr\/wp-content\/uploads\/2021\/02\/DJI_0804-scaled.jpg","jetpack_sharing_enabled":true,"_links":{"self":[{"href":"https:\/\/terresdemotions.fr\/index.php\/wp-json\/wp\/v2\/posts\/12857","targetHints":{"allow":["GET"]}}],"collection":[{"href":"https:\/\/terresdemotions.fr\/index.php\/wp-json\/wp\/v2\/posts"}],"about":[{"href":"https:\/\/terresdemotions.fr\/index.php\/wp-json\/wp\/v2\/types\/post"}],"author":[{"embeddable":true,"href":"https:\/\/terresdemotions.fr\/index.php\/wp-json\/wp\/v2\/users\/1"}],"replies":[{"embeddable":true,"href":"https:\/\/terresdemotions.fr\/index.php\/wp-json\/wp\/v2\/comments?post=12857"}],"version-history":[{"count":2,"href":"https:\/\/terresdemotions.fr\/index.php\/wp-json\/wp\/v2\/posts\/12857\/revisions"}],"predecessor-version":[{"id":12860,"href":"https:\/\/terresdemotions.fr\/index.php\/wp-json\/wp\/v2\/posts\/12857\/revisions\/12860"}],"wp:featuredmedia":[{"embeddable":true,"href":"https:\/\/terresdemotions.fr\/index.php\/wp-json\/wp\/v2\/media\/12859"}],"wp:attachment":[{"href":"https:\/\/terresdemotions.fr\/index.php\/wp-json\/wp\/v2\/media?parent=12857"}],"wp:term":[{"taxonomy":"category","embeddable":true,"href":"https:\/\/terresdemotions.fr\/index.php\/wp-json\/wp\/v2\/categories?post=12857"},{"taxonomy":"post_tag","embeddable":true,"href":"https:\/\/terresdemotions.fr\/index.php\/wp-json\/wp\/v2\/tags?post=12857"}],"curies":[{"name":"wp","href":"https:\/\/api.w.org\/{rel}","templated":true}]}}