{"id":12941,"date":"2021-05-17T22:28:31","date_gmt":"2021-05-17T20:28:31","guid":{"rendered":"https:\/\/terresdemotions.fr\/?p=12941"},"modified":"2021-07-18T10:52:37","modified_gmt":"2021-07-18T08:52:37","slug":"foret-bucolique-du-vallon-du-guiou-sospel","status":"publish","type":"post","link":"https:\/\/terresdemotions.fr\/index.php\/2021\/05\/17\/foret-bucolique-du-vallon-du-guiou-sospel\/","title":{"rendered":"For\u00eat Bucolique du vallon du Guiou-Sospel"},"content":{"rendered":"\n\n\n\n<h1>For\u00eat Bucolique du vallon du Guiou-Sospel<\/h1>\n<p>Proche du Parc National du Mercantour, le vallon du Guiou offre une vari\u00e9t\u00e9 florale extraordinaire. Entre for\u00eat ombrag\u00e9e humide de feuillus et adret ensoleill\u00e9 d&rsquo;une for\u00eat de gen\u00e9vrier, le spectacle de couleur vert est saisissant.<\/p>\n<p>Ce vallon qui dans ses eaux tumultueuses se descend en canyoning permet de rejoindre les deux rives par un pont ancestral menant autrefois \u00e0 diverses abris pastoraux t\u00e9moins d&rsquo;une activit\u00e9s agricole r\u00e9volue.<\/p>\n<p>Les restanques d&rsquo;antan en t\u00e9moignent encore. Surplombant la vall\u00e9e et dominant au loin la vall\u00e9e de la B\u00e9v\u00e9ra puis l\u2019Italie, le parcours rejoint le GR52A traversant le Mercantour au Sud. L&rsquo;endroit vert \u00e0 la g\u00e9ologie \u00e9tonnante, calcaire, laissant pousser la saxifrage, au thym pr\u00e9sent puis \u00e0 l&rsquo;ail des ours en fin de parcours aura ravi les participants.<\/p>\n<p>En attendant la r\u00e9ouverture des Restaurants, une petit halte est faite \u00e0 Sospel pour admirer la cath\u00e9drale une glace \u00e0 la main, t\u00e9moin d&rsquo;un pass\u00e9 chaotique mais passionnant de l&rsquo;histoire de ce territoire.<\/p>\nngg_shortcode_0_placeholder\n<p>&nbsp;<\/p>\n<p><!-- Global site tag (gtag.js) - Google Analytics --><\/p>\n<p>&nbsp;<\/p>","protected":false},"excerpt":{"rendered":"<p>D\u00e9passer ses limites, vivre une exp\u00e9rience unique, Terres d&rsquo;\u00e9motions l&rsquo;a promis, personne n&rsquo;a \u00e9t\u00e9 d\u00e9\u00e7u.<\/p>\n<p>Lach\u00e9s dans la nature d\u00e8s la parking pour rejoindre un sentier chaotique longeant un affluent de l&rsquo;est\u00e9ron. Et c&rsquo;est d\u00e9j\u00e0 une travers\u00e9e de rivi\u00e8re les pieds dans l&rsquo;eau pour aller chercher la balise \u00e0 3.5km.<\/p>\n","protected":false},"author":1,"featured_media":12942,"comment_status":"closed","ping_status":"open","sticky":false,"template":"","format":"standard","meta":{"_bbp_topic_count":0,"_bbp_reply_count":0,"_bbp_total_topic_count":0,"_bbp_total_reply_count":0,"_bbp_voice_count":0,"_bbp_anonymous_reply_count":0,"_bbp_topic_count_hidden":0,"_bbp_reply_count_hidden":0,"_bbp_forum_subforum_count":0,"content-type":"","_exactmetrics_skip_tracking":false,"_exactmetrics_sitenote_active":false,"_exactmetrics_sitenote_note":"","_exactmetrics_sitenote_category":0,"_monsterinsights_skip_tracking":false,"_monsterinsights_sitenote_active":false,"_monsterinsights_sitenote_note":"","_monsterinsights_sitenote_category":0,"ngg_post_thumbnail":3191,"_price":"","_stock":"","_tribe_ticket_header":"","_tribe_default_ticket_provider":"","_tribe_ticket_capacity":"0","_ticket_start_date":"","_ticket_end_date":"","_tribe_ticket_show_description":"","_tribe_ticket_show_not_going":false,"_tribe_ticket_use_global_stock":"","_tribe_ticket_global_stock_level":"","_global_stock_mode":"","_global_stock_cap":"","_tribe_rsvp_for_event":"","_tribe_ticket_going_count":"","_tribe_ticket_not_going_count":"","_tribe_tickets_list":"[]","_tribe_ticket_has_attendee_info_fields":false,"_jetpack_memberships_contains_paid_content":false,"footnotes":""},"categories":[267,42,5],"tags":[781,779,691,774,780],"class_list":["post-12941","post","type-post","status-publish","format-standard","has-post-thumbnail","hentry","category-niveau-2","category-randonnee","category-vallee-de-lesteron","tag-bevera","tag-canyon","tag-foret","tag-hameaux","tag-restanques"],"jetpack_featured_media_url":"https:\/\/terresdemotions.fr\/wp-content\/uploads\/2021\/05\/IMG_20210516_114912-scaled.jpg","jetpack_sharing_enabled":true,"_links":{"self":[{"href":"https:\/\/terresdemotions.fr\/index.php\/wp-json\/wp\/v2\/posts\/12941","targetHints":{"allow":["GET"]}}],"collection":[{"href":"https:\/\/terresdemotions.fr\/index.php\/wp-json\/wp\/v2\/posts"}],"about":[{"href":"https:\/\/terresdemotions.fr\/index.php\/wp-json\/wp\/v2\/types\/post"}],"author":[{"embeddable":true,"href":"https:\/\/terresdemotions.fr\/index.php\/wp-json\/wp\/v2\/users\/1"}],"replies":[{"embeddable":true,"href":"https:\/\/terresdemotions.fr\/index.php\/wp-json\/wp\/v2\/comments?post=12941"}],"version-history":[{"count":1,"href":"https:\/\/terresdemotions.fr\/index.php\/wp-json\/wp\/v2\/posts\/12941\/revisions"}],"predecessor-version":[{"id":12943,"href":"https:\/\/terresdemotions.fr\/index.php\/wp-json\/wp\/v2\/posts\/12941\/revisions\/12943"}],"wp:featuredmedia":[{"embeddable":true,"href":"https:\/\/terresdemotions.fr\/index.php\/wp-json\/wp\/v2\/media\/12942"}],"wp:attachment":[{"href":"https:\/\/terresdemotions.fr\/index.php\/wp-json\/wp\/v2\/media?parent=12941"}],"wp:term":[{"taxonomy":"category","embeddable":true,"href":"https:\/\/terresdemotions.fr\/index.php\/wp-json\/wp\/v2\/categories?post=12941"},{"taxonomy":"post_tag","embeddable":true,"href":"https:\/\/terresdemotions.fr\/index.php\/wp-json\/wp\/v2\/tags?post=12941"}],"curies":[{"name":"wp","href":"https:\/\/api.w.org\/{rel}","templated":true}]}}