{"id":13065,"date":"2021-06-27T23:53:27","date_gmt":"2021-06-27T21:53:27","guid":{"rendered":"https:\/\/terresdemotions.fr\/?p=13065"},"modified":"2021-09-24T08:14:49","modified_gmt":"2021-09-24T06:14:49","slug":"les-lacs-turquoises-du-lausfer-entre-france-et-italie-beaute-glaciaire","status":"publish","type":"post","link":"https:\/\/terresdemotions.fr\/index.php\/2021\/06\/27\/les-lacs-turquoises-du-lausfer-entre-france-et-italie-beaute-glaciaire\/","title":{"rendered":"Les Lacs turquoises du Lausfer, entre France et Italie, beaut\u00e9 glaciaire"},"content":{"rendered":"\n\n\n\n<h1>Les Lacs turquoises du Lausfer, entre France et Italie, beaut\u00e9 glaciaire<\/h1>\n<p>D\u00e9part du sanctuaire de Ste Anna di Vinadio, le plus haut d\u2019Europe. C&rsquo;est ici que St Anne est apparu \u00e0 une berg\u00e8re lui disant de construire un sanctuaire en ces lieux.<\/p>\n<p>Le sentier progresse tranquillement entre orchid\u00e9es et grassette (plante carnivore) sur une ancienne piste militaire devenue sentier de randonn\u00e9e. Ici en effet, de nombreux blockhaus et autres casemates sont nombreux. Le sentier zig zag dans la montagne, d\u00e9bouche au col du Saboul\u00e9, pour nous faire d\u00e9couvrir d&rsquo;abord le plus grand lac du lausfer.<\/p>\n<p>Une petite mont\u00e9e et nous arrivons aux 3 autres lacs. Beaut\u00e9 naturelles de lacs en balcons dont les eaux turquoises illuminent ces lieux. Apr\u00e8s d\u00e9jeuner anim\u00e9e de courtes baignade dans un des lacs, remont\u00e9e tr\u00e8s courte au pas du lausfer, pour ensuite aller au pas de Ste Anne.<\/p>\n<p>Tr\u00e8s beau contournement en hauteur autour du lac de Ste Anne. Il fait beau, le sentier est magnifique et sans difficult\u00e9.<\/p>\n<p>La randonn\u00e9e ne pouvait pas se terminer sans un petit vers de l&rsquo;amiti\u00e9 au bar du sanctuaire. Un spritz pour la majorit\u00e9 d&rsquo;entre nous pour nous d\u00e9lecter des superbes panoramas montagnards.<\/p>\n<p>Yohann Accompagnateur Terres d&rsquo;\u00e9motions<\/p>\nngg_shortcode_0_placeholder\n<p>&nbsp;<\/p>\n<p><!-- Global site tag (gtag.js) - Google Analytics --><\/p>\n<p>&nbsp;<\/p>\n\n","protected":false},"excerpt":{"rendered":"<p>C&rsquo;est d&rsquo;abord une pelouse alpine fleuries d&rsquo;orchid\u00e9es que nous traversons, une entr\u00e9e en for\u00eat myst\u00e9rieuse englouties par de nombreux ruisseaux encore tumultueux du fait de la fonte des neiges.<\/p>\n","protected":false},"author":1,"featured_media":13066,"comment_status":"open","ping_status":"open","sticky":false,"template":"","format":"standard","meta":{"_bbp_topic_count":0,"_bbp_reply_count":0,"_bbp_total_topic_count":0,"_bbp_total_reply_count":0,"_bbp_voice_count":0,"_bbp_anonymous_reply_count":0,"_bbp_topic_count_hidden":0,"_bbp_reply_count_hidden":0,"_bbp_forum_subforum_count":0,"content-type":"","_exactmetrics_skip_tracking":false,"_exactmetrics_sitenote_active":false,"_exactmetrics_sitenote_note":"","_exactmetrics_sitenote_category":0,"_monsterinsights_skip_tracking":false,"_monsterinsights_sitenote_active":false,"_monsterinsights_sitenote_note":"","_monsterinsights_sitenote_category":0,"ngg_post_thumbnail":3191,"_price":"","_stock":"","_tribe_ticket_header":"","_tribe_default_ticket_provider":"","_tribe_ticket_capacity":"0","_ticket_start_date":"","_ticket_end_date":"","_tribe_ticket_show_description":"","_tribe_ticket_show_not_going":false,"_tribe_ticket_use_global_stock":"","_tribe_ticket_global_stock_level":"","_global_stock_mode":"","_global_stock_cap":"","_tribe_rsvp_for_event":"","_tribe_ticket_going_count":"","_tribe_ticket_not_going_count":"","_tribe_tickets_list":"[]","_tribe_ticket_has_attendee_info_fields":false,"_jetpack_memberships_contains_paid_content":false,"footnotes":""},"categories":[181,267,42,4],"tags":[17,686],"class_list":["post-13065","post","type-post","status-publish","format-standard","has-post-thumbnail","hentry","category-italie","category-niveau-2","category-randonnee","category-vallee-de-latinee","tag-chamois","tag-lacs"],"jetpack_featured_media_url":"https:\/\/terresdemotions.fr\/wp-content\/uploads\/2021\/06\/DJI_0957-scaled.jpg","jetpack_sharing_enabled":true,"_links":{"self":[{"href":"https:\/\/terresdemotions.fr\/index.php\/wp-json\/wp\/v2\/posts\/13065","targetHints":{"allow":["GET"]}}],"collection":[{"href":"https:\/\/terresdemotions.fr\/index.php\/wp-json\/wp\/v2\/posts"}],"about":[{"href":"https:\/\/terresdemotions.fr\/index.php\/wp-json\/wp\/v2\/types\/post"}],"author":[{"embeddable":true,"href":"https:\/\/terresdemotions.fr\/index.php\/wp-json\/wp\/v2\/users\/1"}],"replies":[{"embeddable":true,"href":"https:\/\/terresdemotions.fr\/index.php\/wp-json\/wp\/v2\/comments?post=13065"}],"version-history":[{"count":1,"href":"https:\/\/terresdemotions.fr\/index.php\/wp-json\/wp\/v2\/posts\/13065\/revisions"}],"predecessor-version":[{"id":13067,"href":"https:\/\/terresdemotions.fr\/index.php\/wp-json\/wp\/v2\/posts\/13065\/revisions\/13067"}],"wp:featuredmedia":[{"embeddable":true,"href":"https:\/\/terresdemotions.fr\/index.php\/wp-json\/wp\/v2\/media\/13066"}],"wp:attachment":[{"href":"https:\/\/terresdemotions.fr\/index.php\/wp-json\/wp\/v2\/media?parent=13065"}],"wp:term":[{"taxonomy":"category","embeddable":true,"href":"https:\/\/terresdemotions.fr\/index.php\/wp-json\/wp\/v2\/categories?post=13065"},{"taxonomy":"post_tag","embeddable":true,"href":"https:\/\/terresdemotions.fr\/index.php\/wp-json\/wp\/v2\/tags?post=13065"}],"curies":[{"name":"wp","href":"https:\/\/api.w.org\/{rel}","templated":true}]}}