{"id":13108,"date":"2021-07-18T10:50:45","date_gmt":"2021-07-18T08:50:45","guid":{"rendered":"https:\/\/terresdemotions.fr\/?p=13108"},"modified":"2021-09-24T08:14:38","modified_gmt":"2021-09-24T06:14:38","slug":"dome-de-barrot-entre-cians-et-var-panorama-du-mercantour","status":"publish","type":"post","link":"https:\/\/terresdemotions.fr\/index.php\/2021\/07\/18\/dome-de-barrot-entre-cians-et-var-panorama-du-mercantour\/","title":{"rendered":"D\u00f4me de Barrot, Entre Cians et Var, Panorama du Mercantour"},"content":{"rendered":"\n\n\n\n<h1>D\u00f4me de Barrot, Entre Cians et Var, Panorama du Mercantour<\/h1>\n<p>Pour la premi\u00e8re fois, une randonn\u00e9e pas comme les autres ce samedi. Afin de permettre une accessibilit\u00e9 du d\u00f4me de barrot facile, le d\u00e9part de la randonn\u00e9e se fait \u00e0 partir du t\u00e9l\u00e9si\u00e8ge des \u00e9guilles.<\/p>\n<p>Une mont\u00e9e tout en douceur pour se retrouver 380 m plus haut sans effort pour le d\u00e9part du sentier. Une mont\u00e9e appr\u00e9ci\u00e9e d&rsquo;autant que pour certains, c&rsquo;est le bapt\u00eame du t\u00e9l\u00e9si\u00e8ge l&rsquo;\u00e9t\u00e9.<\/p>\n<p>Le d\u00f4me de barrot n&rsquo;est plus qu&rsquo;\u00e0 380 m de d\u00e9nivel\u00e9e. La mont\u00e9e progressive dans les pentes herbeuses est agr\u00e9able, la vue panoramique prend de la valeur au sommet, entre gorges rouges du Cians, de la vall\u00e9e de la Roudoule et de la clue d&rsquo;Amen.<\/p>\n<p>Au loin se dessine le G\u00e9las, le Mounier, l&rsquo;Argentera, sans oublier les sommets du haut var et haut verdon. Apr\u00e8s le d\u00e9jeuner au sommet, nous redescendons tranquillement non sans oublier l&rsquo;heure imp\u00e9rative de redescente en t\u00e9l\u00e9si\u00e8ge. C&rsquo;est avec quelques minutes d&rsquo;avance sur la fermeture que nous redescendons. Une descente magnifique et in\u00e9dite.<\/p>\n<p>La journ\u00e9e sera termin\u00e9e \u00e0 Beuil les Launes, pour un verre et une glace bien m\u00e9rit\u00e9e pour certains.<\/p>\n<p>Yohann Accompagnateur Terres d&rsquo;\u00e9motions<\/p>\nngg_shortcode_0_placeholder\n<p>&nbsp;<\/p>\n<p><!-- Global site tag (gtag.js) - Google Analytics --><\/p>\n<p>&nbsp;<\/p>\n\n","protected":false},"excerpt":{"rendered":"<p>Pour la premi\u00e8re fois, une randonn\u00e9e pas comme les autres ce samedi. Afin de permettre une accessibilit\u00e9 du d\u00f4me de barrot facile, le d\u00e9part de la randonn\u00e9e se fait \u00e0 partir du t\u00e9l\u00e9si\u00e8ge des \u00e9guilles.<\/p>\n<p>Une mont\u00e9e tout en douceur pour se retrouver 380 m plus haut sans effort pour le d\u00e9part du sentier. Une mont\u00e9e appr\u00e9ci\u00e9e d&rsquo;autant que pour certains, c&rsquo;est le bapt\u00eame du t\u00e9l\u00e9si\u00e8ge l&rsquo;\u00e9t\u00e9.<\/p>\n","protected":false},"author":1,"featured_media":13109,"comment_status":"open","ping_status":"open","sticky":false,"template":"","format":"standard","meta":{"_bbp_topic_count":0,"_bbp_reply_count":0,"_bbp_total_topic_count":0,"_bbp_total_reply_count":0,"_bbp_voice_count":0,"_bbp_anonymous_reply_count":0,"_bbp_topic_count_hidden":0,"_bbp_reply_count_hidden":0,"_bbp_forum_subforum_count":0,"content-type":"","_exactmetrics_skip_tracking":false,"_exactmetrics_sitenote_active":false,"_exactmetrics_sitenote_note":"","_exactmetrics_sitenote_category":0,"_monsterinsights_skip_tracking":false,"_monsterinsights_sitenote_active":false,"_monsterinsights_sitenote_note":"","_monsterinsights_sitenote_category":0,"ngg_post_thumbnail":3191,"_price":"","_stock":"","_tribe_ticket_header":"","_tribe_default_ticket_provider":"","_tribe_ticket_capacity":"0","_ticket_start_date":"","_ticket_end_date":"","_tribe_ticket_show_description":"","_tribe_ticket_show_not_going":false,"_tribe_ticket_use_global_stock":"","_tribe_ticket_global_stock_level":"","_global_stock_mode":"","_global_stock_cap":"","_tribe_rsvp_for_event":"","_tribe_ticket_going_count":"","_tribe_ticket_not_going_count":"","_tribe_tickets_list":"[]","_tribe_ticket_has_attendee_info_fields":false,"_jetpack_memberships_contains_paid_content":false,"footnotes":""},"categories":[267,42,8],"tags":[17,686],"class_list":["post-13108","post","type-post","status-publish","format-standard","has-post-thumbnail","hentry","category-niveau-2","category-randonnee","category-vallee-du-cians","tag-chamois","tag-lacs"],"jetpack_featured_media_url":"https:\/\/terresdemotions.fr\/wp-content\/uploads\/2021\/07\/IMG_20210717_131446-scaled.jpg","jetpack_sharing_enabled":true,"_links":{"self":[{"href":"https:\/\/terresdemotions.fr\/index.php\/wp-json\/wp\/v2\/posts\/13108","targetHints":{"allow":["GET"]}}],"collection":[{"href":"https:\/\/terresdemotions.fr\/index.php\/wp-json\/wp\/v2\/posts"}],"about":[{"href":"https:\/\/terresdemotions.fr\/index.php\/wp-json\/wp\/v2\/types\/post"}],"author":[{"embeddable":true,"href":"https:\/\/terresdemotions.fr\/index.php\/wp-json\/wp\/v2\/users\/1"}],"replies":[{"embeddable":true,"href":"https:\/\/terresdemotions.fr\/index.php\/wp-json\/wp\/v2\/comments?post=13108"}],"version-history":[{"count":3,"href":"https:\/\/terresdemotions.fr\/index.php\/wp-json\/wp\/v2\/posts\/13108\/revisions"}],"predecessor-version":[{"id":13112,"href":"https:\/\/terresdemotions.fr\/index.php\/wp-json\/wp\/v2\/posts\/13108\/revisions\/13112"}],"wp:featuredmedia":[{"embeddable":true,"href":"https:\/\/terresdemotions.fr\/index.php\/wp-json\/wp\/v2\/media\/13109"}],"wp:attachment":[{"href":"https:\/\/terresdemotions.fr\/index.php\/wp-json\/wp\/v2\/media?parent=13108"}],"wp:term":[{"taxonomy":"category","embeddable":true,"href":"https:\/\/terresdemotions.fr\/index.php\/wp-json\/wp\/v2\/categories?post=13108"},{"taxonomy":"post_tag","embeddable":true,"href":"https:\/\/terresdemotions.fr\/index.php\/wp-json\/wp\/v2\/tags?post=13108"}],"curies":[{"name":"wp","href":"https:\/\/api.w.org\/{rel}","templated":true}]}}