{"id":13170,"date":"2021-09-06T08:17:03","date_gmt":"2021-09-06T06:17:03","guid":{"rendered":"https:\/\/terresdemotions.fr\/?p=13170"},"modified":"2021-11-22T22:26:25","modified_gmt":"2021-11-22T21:26:25","slug":"les-lacs-fremamortes-reliques-de-lage-glaciaire","status":"publish","type":"post","link":"https:\/\/terresdemotions.fr\/index.php\/2021\/09\/06\/les-lacs-fremamortes-reliques-de-lage-glaciaire\/","title":{"rendered":"Les lacs fr\u00e9mamortes -reliques de l&rsquo;\u00e2ge glaciaire"},"content":{"rendered":"\n\n\n\n<h1>Les lacs fr\u00e9mamorte -reliques de l&rsquo;\u00e2ge glaciaire<\/h1>\n<p>Le ciel est partiellement ensoleill\u00e9 ce dimanche, la temp\u00e9rature remonte doucement en milieu de matin\u00e9e. Au d\u00e9part du col de Sal\u00e8se, la mont\u00e9e au lac fr\u00e9mamorte nous prendra 2h. Les vaches de Sal\u00e8se nous accueillent, de nombreuses myrtilles sur les c\u00f4t\u00e9s du chemin. Nous abordons les lacs par le haut, puis redescendons via les quelques petites mares r\u00e9siduelles. Le niveau des deux lacs a baiss\u00e9, mais l&rsquo;eau reste omnipr\u00e9sente, les lacs \u00e9tant encore aliment\u00e9s.<\/p>\n<p>Le temps se maintien avec des beaux passages ensoleill\u00e9s. Les pr\u00e9visions m\u00e9t\u00e9os restent en accord avec la r\u00e9alit\u00e9. Nous d\u00e9jeunons au lac le plus bas. La baignade avait \u00e9t\u00e9 programm\u00e9es, mais l&rsquo;absence d&rsquo;un soleil franc et une eau \u00e0 12\u00b0C freinent les ardeur.<\/p>\n<p>Comme le temps reste ensoleill\u00e9, nous partons pour le lac n\u00e8gre se situant \u00e0 15 min de marche de la jonction du sentier de descente. Arriv\u00e9 au lac majestueux, un des plus grand du parc national du Mercantour, et apr\u00e8s quelques photos, quelques gouttes se font sentir. Cela ne durera que 10 minutes. Une trou\u00e9e de ciel bleu \u00e9clairci le ciel rapidement.<\/p>\n<p>Dans la descente nous d\u00e9cidons d&rsquo;une pause au grand soleil \u00e0 c\u00f4t\u00e9 des vaches au milieu d&rsquo;une rivi\u00e8re sur un tapis d&rsquo;herbes rases. Rapidement nous sommes \u00e0 la voiture. Quelques achats de fromage du coin au parking du coin viendra clore cette magnifique journ\u00e9e.<\/p>\n<p>&nbsp;<\/p>\n<p>Yohann Accompagnateur Terres d&rsquo;\u00e9motions<\/p>\nngg_shortcode_0_placeholder\n<p>&nbsp;<\/p>\n<p><!-- Global site tag (gtag.js) - Google Analytics --><\/p>\n<p>&nbsp;<\/p>\n\n","protected":false},"excerpt":{"rendered":"<p>Le ciel est partiellement ensoleill\u00e9 ce dimanche, la temp\u00e9rature remonte doucement en milieu de matin\u00e9e. Au d\u00e9part du col de Sal\u00e8se, la mont\u00e9e au lac fr\u00e9mamorte nous prendra 2h. Les vaches de Sal\u00e8se nous accueillent, de nombreuses myrtilles sur les c\u00f4t\u00e9s du chemin. Nous abordons les lacs par le haut, puis redescendons via les quelques petites mares r\u00e9siduelles.<\/p>\n","protected":false},"author":1,"featured_media":13187,"comment_status":"open","ping_status":"open","sticky":false,"template":"","format":"standard","meta":{"_bbp_topic_count":0,"_bbp_reply_count":0,"_bbp_total_topic_count":0,"_bbp_total_reply_count":0,"_bbp_voice_count":0,"_bbp_anonymous_reply_count":0,"_bbp_topic_count_hidden":0,"_bbp_reply_count_hidden":0,"_bbp_forum_subforum_count":0,"content-type":"","_exactmetrics_skip_tracking":false,"_exactmetrics_sitenote_active":false,"_exactmetrics_sitenote_note":"","_exactmetrics_sitenote_category":0,"_monsterinsights_skip_tracking":false,"_monsterinsights_sitenote_active":false,"_monsterinsights_sitenote_note":"","_monsterinsights_sitenote_category":0,"ngg_post_thumbnail":3191,"_price":"","_stock":"","_tribe_ticket_header":"","_tribe_default_ticket_provider":"","_tribe_ticket_capacity":"0","_ticket_start_date":"","_ticket_end_date":"","_tribe_ticket_show_description":"","_tribe_ticket_show_not_going":false,"_tribe_ticket_use_global_stock":"","_tribe_ticket_global_stock_level":"","_global_stock_mode":"","_global_stock_cap":"","_tribe_rsvp_for_event":"","_tribe_ticket_going_count":"","_tribe_ticket_not_going_count":"","_tribe_tickets_list":"[]","_tribe_ticket_has_attendee_info_fields":false,"_jetpack_memberships_contains_paid_content":false,"footnotes":""},"categories":[267,42,7],"tags":[804,802,686,803],"class_list":["post-13170","post","type-post","status-publish","format-standard","has-post-thumbnail","hentry","category-niveau-2","category-randonnee","category-vallee-de-la-vesubie","tag-cimes","tag-col","tag-lacs","tag-sommets"],"jetpack_featured_media_url":"https:\/\/terresdemotions.fr\/wp-content\/uploads\/2021\/09\/IMG_20210905_115446_1-scaled.jpg","jetpack_sharing_enabled":true,"_links":{"self":[{"href":"https:\/\/terresdemotions.fr\/index.php\/wp-json\/wp\/v2\/posts\/13170","targetHints":{"allow":["GET"]}}],"collection":[{"href":"https:\/\/terresdemotions.fr\/index.php\/wp-json\/wp\/v2\/posts"}],"about":[{"href":"https:\/\/terresdemotions.fr\/index.php\/wp-json\/wp\/v2\/types\/post"}],"author":[{"embeddable":true,"href":"https:\/\/terresdemotions.fr\/index.php\/wp-json\/wp\/v2\/users\/1"}],"replies":[{"embeddable":true,"href":"https:\/\/terresdemotions.fr\/index.php\/wp-json\/wp\/v2\/comments?post=13170"}],"version-history":[{"count":2,"href":"https:\/\/terresdemotions.fr\/index.php\/wp-json\/wp\/v2\/posts\/13170\/revisions"}],"predecessor-version":[{"id":13188,"href":"https:\/\/terresdemotions.fr\/index.php\/wp-json\/wp\/v2\/posts\/13170\/revisions\/13188"}],"wp:featuredmedia":[{"embeddable":true,"href":"https:\/\/terresdemotions.fr\/index.php\/wp-json\/wp\/v2\/media\/13187"}],"wp:attachment":[{"href":"https:\/\/terresdemotions.fr\/index.php\/wp-json\/wp\/v2\/media?parent=13170"}],"wp:term":[{"taxonomy":"category","embeddable":true,"href":"https:\/\/terresdemotions.fr\/index.php\/wp-json\/wp\/v2\/categories?post=13170"},{"taxonomy":"post_tag","embeddable":true,"href":"https:\/\/terresdemotions.fr\/index.php\/wp-json\/wp\/v2\/tags?post=13170"}],"curies":[{"name":"wp","href":"https:\/\/api.w.org\/{rel}","templated":true}]}}