{"id":13313,"date":"2021-10-24T22:45:01","date_gmt":"2021-10-24T20:45:01","guid":{"rendered":"https:\/\/terresdemotions.fr\/?p=13313"},"modified":"2022-01-16T22:26:05","modified_gmt":"2022-01-16T21:26:05","slug":"couleurs-automnales-du-canal-de-braux","status":"publish","type":"post","link":"https:\/\/terresdemotions.fr\/index.php\/2021\/10\/24\/couleurs-automnales-du-canal-de-braux\/","title":{"rendered":"Couleurs automnales du canal de Braux"},"content":{"rendered":"\n\n\n\n<h1>Couleurs automnales du canal de Braux<\/h1>\n<p>Randonn\u00e9e in\u00e9dite ce dimanche. D\u00e9marrage de la marche le long du canal de Braux datant de 1859. Un sentier qui serpente le long de la montagne o\u00f9 la for\u00eat omnipr\u00e9sente rev\u00eat ses couleurs d&rsquo;automne. Ici par de parties vertigineuses.<\/p>\n<p>Une petite pause est prise au hameau perdu de Chabri\u00e8res qui abrite une \u00e9glise et un gite de 5 places. Puis on emprunte un sentier qui pars en direction du col du Fa. A une intersection nous prenons direction la for\u00eat des H\u00eatres et de ch\u00e2taigniers. Quelques ruines ancestrales et nous posons le pique-nique sur des restanque autrefois utilis\u00e9s pour les cultures. Quelques ramassages de ch\u00e2taignes pour en faire griller quelques unes sur un feu de bois. Moment tr\u00e8s convivial et insolite.<\/p>\n<p>Le retour \u00e0 la voiture se fait en passant devant la pierre qui tremble (une grande dalle de gr\u00e9 pos\u00e9e habilement sur des tables de gr\u00e9 moins \u00e9paisses. Ici les ch\u00e2taignes sont nombreuses. et c&rsquo;est plus de 10kg cumul\u00e9s qui seront ramass\u00e9s.<\/p>\n<p>Une belle journ\u00e9e plaisir avec de formidables couleurs. Toujours une bonne ambiance de partager des moments privil\u00e9gi\u00e9s sans pour autant \u00eatre dans l&rsquo;effort<\/p>\n<p>Merci \u00e0 tous pour vos photos<\/p>\n<p>Yohann Accompagnateur Terres d&rsquo;\u00e9motions<\/p>\n<p><!-- Global site tag (gtag.js) - Google Analytics --><\/p>\nngg_shortcode_0_placeholder\n\n","protected":false},"excerpt":{"rendered":"<p>Randonn\u00e9e in\u00e9dite ce dimanche. D\u00e9marrage de la marche le long du canal de Braux datant de 1859. Un sentier qui serpente le long de la montagne o\u00f9 la for\u00eat omnipr\u00e9sente rev\u00eat ses couleurs d&rsquo;automne. Ici par de parties vertigineuses.<\/p>\n<p>Une petite pause est prise au hameau perdu de Chabri\u00e8res qui abrite une \u00e9glise et un gite de 5 places. Puis on emprunte un sentier qui pars en direction du col du Fa. A une intersection nous prenons direction la for\u00eat des H\u00eatres et de ch\u00e2taigniers. Quelques ruines ancestrales et nous posons le pique-nique sur des restanque autrefois utilis\u00e9s pour les cultures. Quelques ramassages de ch\u00e2taignes pour en faire griller quelques unes sur un feu de bois. Moment tr\u00e8s convivial et insolite.<\/p>\n","protected":false},"author":1,"featured_media":13315,"comment_status":"open","ping_status":"open","sticky":false,"template":"","format":"standard","meta":{"_bbp_topic_count":0,"_bbp_reply_count":0,"_bbp_total_topic_count":0,"_bbp_total_reply_count":0,"_bbp_voice_count":0,"_bbp_anonymous_reply_count":0,"_bbp_topic_count_hidden":0,"_bbp_reply_count_hidden":0,"_bbp_forum_subforum_count":0,"content-type":"","_exactmetrics_skip_tracking":false,"_exactmetrics_sitenote_active":false,"_exactmetrics_sitenote_note":"","_exactmetrics_sitenote_category":0,"_monsterinsights_skip_tracking":false,"_monsterinsights_sitenote_active":false,"_monsterinsights_sitenote_note":"","_monsterinsights_sitenote_category":0,"ngg_post_thumbnail":3191,"_price":"","_stock":"","_tribe_ticket_header":"","_tribe_default_ticket_provider":"","_tribe_ticket_capacity":"0","_ticket_start_date":"","_ticket_end_date":"","_tribe_ticket_show_description":"","_tribe_ticket_show_not_going":false,"_tribe_ticket_use_global_stock":"","_tribe_ticket_global_stock_level":"","_global_stock_mode":"","_global_stock_cap":"","_tribe_rsvp_for_event":"","_tribe_ticket_going_count":"","_tribe_ticket_not_going_count":"","_tribe_tickets_list":"[]","_tribe_ticket_has_attendee_info_fields":false,"_jetpack_memberships_contains_paid_content":false,"footnotes":""},"categories":[267,42,1],"tags":[772,690,804,802,640],"class_list":["post-13313","post","type-post","status-publish","format-standard","has-post-thumbnail","hentry","category-niveau-2","category-randonnee","category-vallee-du-var","tag-canal","tag-chataignes","tag-cimes","tag-col","tag-gre"],"jetpack_featured_media_url":"https:\/\/terresdemotions.fr\/wp-content\/uploads\/2021\/10\/IMG_20211024_102532_1-scaled.jpg","jetpack_sharing_enabled":true,"_links":{"self":[{"href":"https:\/\/terresdemotions.fr\/index.php\/wp-json\/wp\/v2\/posts\/13313","targetHints":{"allow":["GET"]}}],"collection":[{"href":"https:\/\/terresdemotions.fr\/index.php\/wp-json\/wp\/v2\/posts"}],"about":[{"href":"https:\/\/terresdemotions.fr\/index.php\/wp-json\/wp\/v2\/types\/post"}],"author":[{"embeddable":true,"href":"https:\/\/terresdemotions.fr\/index.php\/wp-json\/wp\/v2\/users\/1"}],"replies":[{"embeddable":true,"href":"https:\/\/terresdemotions.fr\/index.php\/wp-json\/wp\/v2\/comments?post=13313"}],"version-history":[{"count":2,"href":"https:\/\/terresdemotions.fr\/index.php\/wp-json\/wp\/v2\/posts\/13313\/revisions"}],"predecessor-version":[{"id":13318,"href":"https:\/\/terresdemotions.fr\/index.php\/wp-json\/wp\/v2\/posts\/13313\/revisions\/13318"}],"wp:featuredmedia":[{"embeddable":true,"href":"https:\/\/terresdemotions.fr\/index.php\/wp-json\/wp\/v2\/media\/13315"}],"wp:attachment":[{"href":"https:\/\/terresdemotions.fr\/index.php\/wp-json\/wp\/v2\/media?parent=13313"}],"wp:term":[{"taxonomy":"category","embeddable":true,"href":"https:\/\/terresdemotions.fr\/index.php\/wp-json\/wp\/v2\/categories?post=13313"},{"taxonomy":"post_tag","embeddable":true,"href":"https:\/\/terresdemotions.fr\/index.php\/wp-json\/wp\/v2\/tags?post=13313"}],"curies":[{"name":"wp","href":"https:\/\/api.w.org\/{rel}","templated":true}]}}