{"id":13468,"date":"2021-12-21T21:37:10","date_gmt":"2021-12-21T20:37:10","guid":{"rendered":"https:\/\/terresdemotions.fr\/?p=13468"},"modified":"2022-09-27T13:32:21","modified_gmt":"2022-09-27T11:32:21","slug":"laudibergue-repas-de-fin-dannee-la-godille","status":"publish","type":"post","link":"https:\/\/terresdemotions.fr\/index.php\/2021\/12\/21\/laudibergue-repas-de-fin-dannee-la-godille\/","title":{"rendered":"L&rsquo;Audibergue-repas de fin d&rsquo;ann\u00e9e, La Godille"},"content":{"rendered":"\n\n\n\n<h1>L&rsquo;Audibergue-repas de fin d&rsquo;ann\u00e9e, La Godille<\/h1>\n<p>Derni\u00e8re randonn\u00e9e de Terres d&rsquo;\u00e9motions de l&rsquo;ann\u00e9e sous un soleil radieux. L&rsquo;ann\u00e9e 2021 se termine et c&rsquo;est pas moins de 21 randonn\u00e9es que Terres d&rsquo;\u00e9motions a propos\u00e9 cette ann\u00e9e malgr\u00e9 le covid et une p\u00e9riode de 2 mois et demi sans randonn\u00e9e.<\/p>\n<p>Alors c&rsquo;est le moment de se retrouver tous ensemble pour f\u00eater cette ann\u00e9e et pr\u00e9parer celle qui arrive. C&rsquo;est tout naturellement que nous montons sur le sommet de l&rsquo;Audibergue qui est un plan central du d\u00e9partement nous permettant de revoir l&rsquo;ensemble des vall\u00e9es que nous avons fr\u00e9quent\u00e9s durant cette ann\u00e9e.<\/p>\n<p>Du Massif de l&rsquo;est\u00e9rel au golf de St Tropez, des sommets du Mercantour de la V\u00e9subie, de la Tin\u00e9e et du Var, mais aussi au loin le Verdon et ses hauts sommets comme le grand Coyer. Des sommets enneig\u00e9s \u00e0 la m\u00e9diterran\u00e9e, le paysage est saisissant. La Corse au loin ponctue cette matin\u00e9e en apoth\u00e9ose.<\/p>\n<p>C&rsquo;est donc au restaurant la Godille que nous nous retrouvons une nouvelle fois pour un repas gargantuesque. Au menu, la pr\u00e9sentation d&rsquo;un floril\u00e8ge des meilleurs moments de cette ann\u00e9e, et puis une fois le repas, un quizz interactif et participatif connect\u00e9 sur la montagne.<\/p>\n<p>Cette journ\u00e9e conviviale se termine d\u00e9j\u00e0 avec la promesse de se retrouver en 2022 pour de nouvelles aventures. Le programme est presque pr\u00eat et sera publi\u00e9 tr\u00e8s rapidement.<\/p>\n<p>Alors \u00e0 vos calendrier et r\u00e9server vos WE pour d\u00e9couvrir de nouveaux espaces , des classiques , mais encore beaucoup d&rsquo;in\u00e9dit comme sait faire Terres d&rsquo;\u00e9motions.<\/p>\n<p>Bonne f\u00eates \u00e0 tous et rendez-vous en 2022<\/p>\n<p>Yohann Accompagnateur Terres d&rsquo;\u00e9motions<\/p>\n<p><!-- Global site tag (gtag.js) - Google Analytics --><\/p>\nngg_shortcode_0_placeholder\n\n","protected":false},"excerpt":{"rendered":"<p>Derni\u00e8re randonn\u00e9e de Terres d&rsquo;\u00e9motions de l&rsquo;ann\u00e9e sous un soleil radieux. L&rsquo;ann\u00e9e 2021 se termine et c&rsquo;est pas moins de 21 randonn\u00e9es que Terres d&rsquo;\u00e9motions a propos\u00e9 cette ann\u00e9e malgr\u00e9 le covid et une p\u00e9riode de 2 mois et demi sans randonn\u00e9e.<\/p>\n<p>Alors c&rsquo;est le moment de se retrouver tous ensemble pour f\u00eater cette ann\u00e9e et pr\u00e9parer celle qui arrive. C&rsquo;est tout naturellement que nous montons sur le sommet de l&rsquo;Audibergue qui est un plan central du d\u00e9partement nous permettant de revoir l&rsquo;ensemble des vall\u00e9es que nous avons fr\u00e9quent\u00e9s durant cette ann\u00e9e.<\/p>\n<p>Du Massif de l&rsquo;est\u00e9rel au golf de St Tropez, des sommets du Mercantour de la V\u00e9subie, de la Tin\u00e9e et du Tarn, mais aussi au loin le Verdon et ses hauts sommets comme le grand Coyer. Des sommets enneig\u00e9s \u00e0 la m\u00e9diterran\u00e9e, le paysage est saisissant. La Corse au loin ponctue cette matin\u00e9e en apoth\u00e9ose.<\/p>\n","protected":false},"author":1,"featured_media":13469,"comment_status":"open","ping_status":"open","sticky":false,"template":"","format":"standard","meta":{"_bbp_topic_count":0,"_bbp_reply_count":0,"_bbp_total_topic_count":0,"_bbp_total_reply_count":0,"_bbp_voice_count":0,"_bbp_anonymous_reply_count":0,"_bbp_topic_count_hidden":0,"_bbp_reply_count_hidden":0,"_bbp_forum_subforum_count":0,"content-type":"","_exactmetrics_skip_tracking":false,"_exactmetrics_sitenote_active":false,"_exactmetrics_sitenote_note":"","_exactmetrics_sitenote_category":0,"_monsterinsights_skip_tracking":false,"_monsterinsights_sitenote_active":false,"_monsterinsights_sitenote_note":"","_monsterinsights_sitenote_category":0,"ngg_post_thumbnail":3191,"_price":"","_stock":"","_tribe_ticket_header":"","_tribe_default_ticket_provider":"","_tribe_ticket_capacity":"0","_ticket_start_date":"","_ticket_end_date":"","_tribe_ticket_show_description":"","_tribe_ticket_show_not_going":false,"_tribe_ticket_use_global_stock":"","_tribe_ticket_global_stock_level":"","_global_stock_mode":"","_global_stock_cap":"","_tribe_rsvp_for_event":"","_tribe_ticket_going_count":"","_tribe_ticket_not_going_count":"","_tribe_tickets_list":"[]","_tribe_ticket_has_attendee_info_fields":false,"_jetpack_memberships_contains_paid_content":false,"footnotes":""},"categories":[267,42,10],"tags":[826,804,802,463,372],"class_list":["post-13468","post","type-post","status-publish","format-standard","has-post-thumbnail","hentry","category-niveau-2","category-randonnee","category-vallee-du-loup","tag-automne","tag-cimes","tag-col","tag-neige","tag-panorama"],"jetpack_featured_media_url":"https:\/\/terresdemotions.fr\/wp-content\/uploads\/2021\/12\/IMG_20211219_095345_1-scaled.jpg","jetpack_sharing_enabled":true,"_links":{"self":[{"href":"https:\/\/terresdemotions.fr\/index.php\/wp-json\/wp\/v2\/posts\/13468","targetHints":{"allow":["GET"]}}],"collection":[{"href":"https:\/\/terresdemotions.fr\/index.php\/wp-json\/wp\/v2\/posts"}],"about":[{"href":"https:\/\/terresdemotions.fr\/index.php\/wp-json\/wp\/v2\/types\/post"}],"author":[{"embeddable":true,"href":"https:\/\/terresdemotions.fr\/index.php\/wp-json\/wp\/v2\/users\/1"}],"replies":[{"embeddable":true,"href":"https:\/\/terresdemotions.fr\/index.php\/wp-json\/wp\/v2\/comments?post=13468"}],"version-history":[{"count":2,"href":"https:\/\/terresdemotions.fr\/index.php\/wp-json\/wp\/v2\/posts\/13468\/revisions"}],"predecessor-version":[{"id":13477,"href":"https:\/\/terresdemotions.fr\/index.php\/wp-json\/wp\/v2\/posts\/13468\/revisions\/13477"}],"wp:featuredmedia":[{"embeddable":true,"href":"https:\/\/terresdemotions.fr\/index.php\/wp-json\/wp\/v2\/media\/13469"}],"wp:attachment":[{"href":"https:\/\/terresdemotions.fr\/index.php\/wp-json\/wp\/v2\/media?parent=13468"}],"wp:term":[{"taxonomy":"category","embeddable":true,"href":"https:\/\/terresdemotions.fr\/index.php\/wp-json\/wp\/v2\/categories?post=13468"},{"taxonomy":"post_tag","embeddable":true,"href":"https:\/\/terresdemotions.fr\/index.php\/wp-json\/wp\/v2\/tags?post=13468"}],"curies":[{"name":"wp","href":"https:\/\/api.w.org\/{rel}","templated":true}]}}