{"id":13559,"date":"2022-01-31T08:37:36","date_gmt":"2022-01-31T07:37:36","guid":{"rendered":"https:\/\/terresdemotions.fr\/?p=13559"},"modified":"2022-09-27T13:30:54","modified_gmt":"2022-09-27T11:30:54","slug":"cap-benat-cap-blanc-deux-caps-face-aux-iles-du-levant-et-port-cros","status":"publish","type":"post","link":"https:\/\/terresdemotions.fr\/index.php\/2022\/01\/31\/cap-benat-cap-blanc-deux-caps-face-aux-iles-du-levant-et-port-cros\/","title":{"rendered":"Cap B\u00e9nat, Cap Blanc. Deux caps  face aux iles du levant et Port Cros"},"content":{"rendered":"\n\n\n\n<h1>Cap B\u00e9nat, Cap Blanc. Deux caps face aux iles du levant et Port Cros<\/h1>\n<p>En ce mois de janvier exceptionnellement ensoleill\u00e9, et le peu de neige en montagne nous am\u00e8ne \u00e0 d\u00e9couvrir le bord de mer varois. Une randonn\u00e9e exceptionnelle au d\u00e9part de Bormes les mimosas jusqu&rsquo;au Cap Blanc et cap b\u00e9nat.<\/p>\n<p>Un parcours sur un sentier des douanier c\u00f4tier montant et descendant le long des rochers escarp\u00e9s. Une multitude de couleurs d&rsquo;une mer calme avec en horizon les iles du levant et de Port Cros.<\/p>\n<p>Partis de la plage des favi\u00e8re, la petite sente se fraye un chemin parmi la roche cristalline des fonds marine, tant\u00f4t au bord du rivage, tant\u00f4t surplombant la mer. La v\u00e9g\u00e9tation m\u00e9diterran\u00e9enne est bien pr\u00e9sente comme l&rsquo;oxalis en fleur nous fait d\u00e9couvrir ses vertus pharmaceutiques (anti-inflammatoire, diur\u00e9tique&#8230;) et est comestible en salade.<\/p>\n<p>La pause d\u00e9jeuner est prise sur une petite plage de sable. La mer dont la temp\u00e9rature est assez fraiche nous invitera a se mouiller un peu.<\/p>\n<p>Au cap Blanc, la vue magnifique panoramique nous montre le cap Taillat \u00e0 l&rsquo;ouest jusqu&rsquo;au fort de br\u00e9gan\u00e7on&nbsp; et plus encore au loin la c\u00f4te des Bouches du Rh\u00f4ne. Un plaisir immense pour les yeux. Le retour sur la plage au soleil ponctuera cette journ\u00e9e in\u00e9dite.<\/p>\n<p>Yohann Accompagnateur Terres d&rsquo;\u00e9motions<\/p>\n<p><!-- Global site tag (gtag.js) - Google Analytics --><\/p>\nngg_shortcode_0_placeholder\n\n","protected":false},"excerpt":{"rendered":"<p>En ce mois de janvier exceptionnellement ensoleill\u00e9, et le peu de neige en montagne nous am\u00e8ne \u00e0 d\u00e9couvrir le bord de mer varois. Une randonn\u00e9e exceptionnelle au d\u00e9part de Bormes les mimosas jusqu&rsquo;au Cap Blanc et cap b\u00e9nat.<\/p>\n<p>Un parcours sur un sentier des douanier c\u00f4tier montant et descendant le long des rochers escarp\u00e9s. Une multitude de couleurs d&rsquo;une mer calme avec en horizon les iles du levant et de Port Cros.<\/p>\n<p>Partis de la plage des favi\u00e8re, la petite sente se fraye un chemin parmi la roche cristalline des fonds marine, tant\u00f4t au bord du rivage, tant\u00f4t surplombant la mer. La v\u00e9g\u00e9tation m\u00e9diterran\u00e9enne est bien pr\u00e9sente comme l&rsquo;oxalis en fleur nous fait d\u00e9couvrir ses vertus pharmaceutiques (anti-inflammatoire, diur\u00e9tique&#8230;) et est comestible en salade.<\/p>\n","protected":false},"author":1,"featured_media":13561,"comment_status":"open","ping_status":"open","sticky":false,"template":"","format":"standard","meta":{"_bbp_topic_count":0,"_bbp_reply_count":0,"_bbp_total_topic_count":0,"_bbp_total_reply_count":0,"_bbp_voice_count":0,"_bbp_anonymous_reply_count":0,"_bbp_topic_count_hidden":0,"_bbp_reply_count_hidden":0,"_bbp_forum_subforum_count":0,"content-type":"","_exactmetrics_skip_tracking":false,"_exactmetrics_sitenote_active":false,"_exactmetrics_sitenote_note":"","_exactmetrics_sitenote_category":0,"_monsterinsights_skip_tracking":false,"_monsterinsights_sitenote_active":false,"_monsterinsights_sitenote_note":"","_monsterinsights_sitenote_category":0,"ngg_post_thumbnail":3191,"_price":"","_stock":"","_tribe_ticket_header":"","_tribe_default_ticket_provider":"","_tribe_ticket_capacity":"0","_ticket_start_date":"","_ticket_end_date":"","_tribe_ticket_show_description":"","_tribe_ticket_show_not_going":false,"_tribe_ticket_use_global_stock":"","_tribe_ticket_global_stock_level":"","_global_stock_mode":"","_global_stock_cap":"","_tribe_rsvp_for_event":"","_tribe_ticket_going_count":"","_tribe_ticket_not_going_count":"","_tribe_tickets_list":"[]","_tribe_ticket_has_attendee_info_fields":false,"_jetpack_memberships_contains_paid_content":false,"footnotes":""},"categories":[180,267,42],"tags":[841,748,372,843,842],"class_list":["post-13559","post","type-post","status-publish","format-standard","has-post-thumbnail","hentry","category-departements-83-13","category-niveau-2","category-randonnee","tag-cap","tag-mer","tag-panorama","tag-port-cros","tag-sentier-cotier"],"jetpack_featured_media_url":"https:\/\/terresdemotions.fr\/wp-content\/uploads\/2022\/01\/image00040-scaled.jpeg","jetpack_sharing_enabled":true,"_links":{"self":[{"href":"https:\/\/terresdemotions.fr\/index.php\/wp-json\/wp\/v2\/posts\/13559","targetHints":{"allow":["GET"]}}],"collection":[{"href":"https:\/\/terresdemotions.fr\/index.php\/wp-json\/wp\/v2\/posts"}],"about":[{"href":"https:\/\/terresdemotions.fr\/index.php\/wp-json\/wp\/v2\/types\/post"}],"author":[{"embeddable":true,"href":"https:\/\/terresdemotions.fr\/index.php\/wp-json\/wp\/v2\/users\/1"}],"replies":[{"embeddable":true,"href":"https:\/\/terresdemotions.fr\/index.php\/wp-json\/wp\/v2\/comments?post=13559"}],"version-history":[{"count":2,"href":"https:\/\/terresdemotions.fr\/index.php\/wp-json\/wp\/v2\/posts\/13559\/revisions"}],"predecessor-version":[{"id":13562,"href":"https:\/\/terresdemotions.fr\/index.php\/wp-json\/wp\/v2\/posts\/13559\/revisions\/13562"}],"wp:featuredmedia":[{"embeddable":true,"href":"https:\/\/terresdemotions.fr\/index.php\/wp-json\/wp\/v2\/media\/13561"}],"wp:attachment":[{"href":"https:\/\/terresdemotions.fr\/index.php\/wp-json\/wp\/v2\/media?parent=13559"}],"wp:term":[{"taxonomy":"category","embeddable":true,"href":"https:\/\/terresdemotions.fr\/index.php\/wp-json\/wp\/v2\/categories?post=13559"},{"taxonomy":"post_tag","embeddable":true,"href":"https:\/\/terresdemotions.fr\/index.php\/wp-json\/wp\/v2\/tags?post=13559"}],"curies":[{"name":"wp","href":"https:\/\/api.w.org\/{rel}","templated":true}]}}