{"id":13633,"date":"2022-02-28T12:56:49","date_gmt":"2022-02-28T11:56:49","guid":{"rendered":"https:\/\/terresdemotions.fr\/?p=13633"},"modified":"2022-09-27T13:31:12","modified_gmt":"2022-09-27T11:31:12","slug":"splendeur-cotiere-des-collines-italiennes-ligure","status":"publish","type":"post","link":"https:\/\/terresdemotions.fr\/index.php\/2022\/02\/28\/splendeur-cotiere-des-collines-italiennes-ligure\/","title":{"rendered":"Splendeur c\u00f4ti\u00e8re des collines italiennes ligure"},"content":{"rendered":"\n\n<h1>Splendeur c\u00f4ti\u00e8re des collines italiennes ligure<\/h1>\n<p>Parce que les collines ligures offrent une vue imprenable sur la mer, c&rsquo;est tout naturellement que Terres d&rsquo;\u00e9motions s&rsquo;exporte aussi en Italie pour faire d\u00e9couvrir de beaux sentiers en balcon. Ce dimanche le d\u00e9part est donn\u00e9 \u00e0 Seborga, ancienne principaut\u00e9 autonome qui frappait sa monnaie, qui domine fi\u00e8rement les vall\u00e9es.&nbsp;<\/p>\n<p>La mont\u00e9e est progressive et agr\u00e9able, d&rsquo;abord sur une piste puis une fois sur la ligne de cr\u00eate en sentier monotrace dominant la mer. Une fois sur les cr\u00eate, la vue est particuli\u00e8rement magnifique. D&rsquo;un c\u00f4t\u00e9 les c\u00f4tes ligures jusqu&rsquo;\u00e0 San Remo et de l&rsquo;autre Vintimille, Monaco, Roquebrune Cap Martin, les iles de Lerins et L&rsquo;est\u00e9rel.<\/p>\n<p>Au nord les sommets de la vall\u00e9e des Merveilles. Une belle carte postale en somme sur la mer et la montagne avec des paysages changeant au gr\u00e9 de la course du soleil. Et puis La corse au loin pointe le bout se nez<\/p>\n<p>Une rando ponctu\u00e9e d&rsquo;un fait marquant car nous avons \u00e9t\u00e9 le temps de quelques minutes sur le parcours d&rsquo;un trail de 62 kms partant de San Remo et dont le parcours passait par les petits villages et le mont Nero. Nous avons encourag\u00e9s les quelques coureurs intr\u00e9pides.&nbsp;<\/p>\n<p>Une randonn\u00e9e qui s&rsquo;est termin\u00e9e dans un petit bar, histoire de boire un spritz\/caf\u00e9\/ bien m\u00e9rit\u00e9.<\/p>\n<p>Yohann Accompagnateur Terres d&rsquo;\u00e9motions<\/p>\n<p><!-- Global site tag (gtag.js) - Google Analytics --><\/p>\nngg_shortcode_0_placeholder\n\n","protected":false},"excerpt":{"rendered":"<p>Parce que les collines ligures offrent une vue imprenable sur la mer, c&rsquo;est tout naturellement que Terres d&rsquo;\u00e9motions s&rsquo;exporte aussi en Italie pour faire d\u00e9couvrir de beaux sentiers en balcon. Ce dimanche le d\u00e9part est donn\u00e9 \u00e0 Seborga, ancienne principaut\u00e9 autonome qui frappait sa monnaie, qui domine fi\u00e8rement les vall\u00e9es.\u00a0<\/p>\n<p>La mont\u00e9e est progressive et agr\u00e9able, d&rsquo;abord sur une piste puis une fois sur la ligne de cr\u00eate en sentier monotrace dominant la mer. Une fois sur les cr\u00eate, la vue est particuli\u00e8rement magnifique. D&rsquo;un c\u00f4t\u00e9 les c\u00f4tes ligures jusqu&rsquo;\u00e0 San Remo et de l&rsquo;autre Vintimille, Monaco, Roquebrune Cap Martin, les iles de Lerins et L&rsquo;est\u00e9rel.<\/p>\n","protected":false},"author":1,"featured_media":13639,"comment_status":"open","ping_status":"open","sticky":false,"template":"","format":"standard","meta":{"_bbp_topic_count":0,"_bbp_reply_count":0,"_bbp_total_topic_count":0,"_bbp_total_reply_count":0,"_bbp_voice_count":0,"_bbp_anonymous_reply_count":0,"_bbp_topic_count_hidden":0,"_bbp_reply_count_hidden":0,"_bbp_forum_subforum_count":0,"content-type":"","_exactmetrics_skip_tracking":false,"_exactmetrics_sitenote_active":false,"_exactmetrics_sitenote_note":"","_exactmetrics_sitenote_category":0,"_monsterinsights_skip_tracking":false,"_monsterinsights_sitenote_active":false,"_monsterinsights_sitenote_note":"","_monsterinsights_sitenote_category":0,"ngg_post_thumbnail":3191,"_price":"","_stock":"","_tribe_ticket_header":"","_tribe_default_ticket_provider":"","_tribe_ticket_capacity":"0","_ticket_start_date":"","_ticket_end_date":"","_tribe_ticket_show_description":"","_tribe_ticket_show_not_going":false,"_tribe_ticket_use_global_stock":"","_tribe_ticket_global_stock_level":"","_global_stock_mode":"","_global_stock_cap":"","_tribe_rsvp_for_event":"","_tribe_ticket_going_count":"","_tribe_ticket_not_going_count":"","_tribe_tickets_list":"[]","_tribe_ticket_has_attendee_info_fields":false,"_jetpack_memberships_contains_paid_content":false,"footnotes":""},"categories":[181,267,42],"tags":[856,858,855,857],"class_list":["post-13633","post","type-post","status-publish","format-standard","has-post-thumbnail","hentry","category-italie","category-niveau-2","category-randonnee","tag-italie","tag-mimosas","tag-san-remo","tag-villages-perches"],"jetpack_featured_media_url":"https:\/\/terresdemotions.fr\/wp-content\/uploads\/2022\/02\/IMG_20220227_104741_1-scaled.jpg","jetpack_sharing_enabled":true,"_links":{"self":[{"href":"https:\/\/terresdemotions.fr\/index.php\/wp-json\/wp\/v2\/posts\/13633","targetHints":{"allow":["GET"]}}],"collection":[{"href":"https:\/\/terresdemotions.fr\/index.php\/wp-json\/wp\/v2\/posts"}],"about":[{"href":"https:\/\/terresdemotions.fr\/index.php\/wp-json\/wp\/v2\/types\/post"}],"author":[{"embeddable":true,"href":"https:\/\/terresdemotions.fr\/index.php\/wp-json\/wp\/v2\/users\/1"}],"replies":[{"embeddable":true,"href":"https:\/\/terresdemotions.fr\/index.php\/wp-json\/wp\/v2\/comments?post=13633"}],"version-history":[{"count":4,"href":"https:\/\/terresdemotions.fr\/index.php\/wp-json\/wp\/v2\/posts\/13633\/revisions"}],"predecessor-version":[{"id":13640,"href":"https:\/\/terresdemotions.fr\/index.php\/wp-json\/wp\/v2\/posts\/13633\/revisions\/13640"}],"wp:featuredmedia":[{"embeddable":true,"href":"https:\/\/terresdemotions.fr\/index.php\/wp-json\/wp\/v2\/media\/13639"}],"wp:attachment":[{"href":"https:\/\/terresdemotions.fr\/index.php\/wp-json\/wp\/v2\/media?parent=13633"}],"wp:term":[{"taxonomy":"category","embeddable":true,"href":"https:\/\/terresdemotions.fr\/index.php\/wp-json\/wp\/v2\/categories?post=13633"},{"taxonomy":"post_tag","embeddable":true,"href":"https:\/\/terresdemotions.fr\/index.php\/wp-json\/wp\/v2\/tags?post=13633"}],"curies":[{"name":"wp","href":"https:\/\/api.w.org\/{rel}","templated":true}]}}