{"id":13783,"date":"2022-05-09T22:08:20","date_gmt":"2022-05-09T20:08:20","guid":{"rendered":"https:\/\/terresdemotions.fr\/?p=13783"},"modified":"2022-09-27T13:30:31","modified_gmt":"2022-09-27T11:30:31","slug":"quete-neigeuse-au-lac-negre-le-printemps-en-attente","status":"publish","type":"post","link":"https:\/\/terresdemotions.fr\/index.php\/2022\/05\/09\/quete-neigeuse-au-lac-negre-le-printemps-en-attente\/","title":{"rendered":"Qu\u00eate neigeuse au lac N\u00e8gre, le printemps en attente."},"content":{"rendered":"\n\n<p>Terres d&rsquo;\u00e9motions ne failli pas \u00e0 sa r\u00e9putation de faire d\u00e9couvrir les merveilles de la nature sous de nouveaux angles.<\/p>\n<p>Cette fois-ci c&rsquo;est de monter au lac n\u00e8gre pour le d\u00e9couvrir encore enneig\u00e9 et en plein moment de fonte (d\u00e9b\u00e2cle).<\/p>\n<p>Sauf que pour y parvenir ce dimanche, la m\u00e9t\u00e9o ne nous a pas donn\u00e9 sa chance de le faire sous de bonnes conditions. Mais qu&rsquo;\u00e0 cela ne tienne. Au diable les pr\u00e9visions m\u00e9t\u00e9os non fiables et cela s&rsquo;est encore v\u00e9rifi\u00e9. Car si la pluie \u00e9tait attendue l&rsquo;apr\u00e8s midi, elles ont eu lieu matin. Des pluies faibles sans vent parfois agr\u00e9ables qui se sont transform\u00e9es en neige&nbsp; en montant en altitude.<\/p>\n<p>Fabuleux spectacle de cet hiver ne voulant pas en finir&nbsp; (pour autant pouvons nous dire qu&rsquo;il ait eu lieu). Alors la vall\u00e9e patiente un peu pour le printemps. La neige complique la progression au lac n\u00e8gre, alors nous redescendons plus bas au lac graveirette.<\/p>\n<p>La pluie cesse en fin de matin\u00e9e, le lac magnifique partiellement encore couvert de glace nous offre son plus beau spectacle. Un moment saisissant surtout quand on sait que nous sommes les seuls \u00e0 \u00eatre dans la vall\u00e9e !! Apr\u00e8s un petit tour du lac, nous redescendons au col de sal\u00e8se, l\u00e0 on les voitures nous attendent.<\/p>\n<p>Une bonne randonn\u00e9e audacieuse, remplie de positivit\u00e9 des participants, malgr\u00e9 une m\u00e9t\u00e9o compliqu\u00e9, dans une bonne ambiance. Un vrai moment d&rsquo;\u00e9motions nous on se souviendra<\/p>\n<p>Yohann Accompagnateur Terres d&rsquo;\u00e9motions<\/p>\n<p><!-- Global site tag (gtag.js) - Google Analytics --><\/p>\nngg_shortcode_0_placeholder\n\n","protected":false},"excerpt":{"rendered":"<p>Fabuleux spectacle de cet hiver ne voulant pas en finir\u00a0 (pour autant pouvons nous dire qu&rsquo;il ait eu lieu). Alors la vall\u00e9e patiente un peu pour le printemps. La neige complique la progression au lac n\u00e8gre, alors nous redescendons plus bas au lac graveirette.<\/p>\n","protected":false},"author":1,"featured_media":13785,"comment_status":"open","ping_status":"open","sticky":false,"template":"","format":"standard","meta":{"_bbp_topic_count":0,"_bbp_reply_count":0,"_bbp_total_topic_count":0,"_bbp_total_reply_count":0,"_bbp_voice_count":0,"_bbp_anonymous_reply_count":0,"_bbp_topic_count_hidden":0,"_bbp_reply_count_hidden":0,"_bbp_forum_subforum_count":0,"content-type":"","_exactmetrics_skip_tracking":false,"_exactmetrics_sitenote_active":false,"_exactmetrics_sitenote_note":"","_exactmetrics_sitenote_category":0,"_monsterinsights_skip_tracking":false,"_monsterinsights_sitenote_active":false,"_monsterinsights_sitenote_note":"","_monsterinsights_sitenote_category":0,"ngg_post_thumbnail":3191,"_price":"","_stock":"","_tribe_ticket_header":"","_tribe_default_ticket_provider":"","_tribe_ticket_capacity":"0","_ticket_start_date":"","_ticket_end_date":"","_tribe_ticket_show_description":"","_tribe_ticket_show_not_going":false,"_tribe_ticket_use_global_stock":"","_tribe_ticket_global_stock_level":"","_global_stock_mode":"","_global_stock_cap":"","_tribe_rsvp_for_event":"","_tribe_ticket_going_count":"","_tribe_ticket_not_going_count":"","_tribe_tickets_list":"[]","_tribe_ticket_has_attendee_info_fields":false,"_jetpack_memberships_contains_paid_content":false,"footnotes":""},"categories":[267,42,7],"tags":[872,474,463,30],"class_list":["post-13783","post","type-post","status-publish","format-standard","has-post-thumbnail","hentry","category-niveau-2","category-randonnee","category-vallee-de-la-vesubie","tag-glace","tag-lac","tag-neige","tag-vesubie"],"jetpack_featured_media_url":"https:\/\/terresdemotions.fr\/wp-content\/uploads\/2022\/05\/image00001-scaled.jpeg","jetpack_sharing_enabled":true,"_links":{"self":[{"href":"https:\/\/terresdemotions.fr\/index.php\/wp-json\/wp\/v2\/posts\/13783","targetHints":{"allow":["GET"]}}],"collection":[{"href":"https:\/\/terresdemotions.fr\/index.php\/wp-json\/wp\/v2\/posts"}],"about":[{"href":"https:\/\/terresdemotions.fr\/index.php\/wp-json\/wp\/v2\/types\/post"}],"author":[{"embeddable":true,"href":"https:\/\/terresdemotions.fr\/index.php\/wp-json\/wp\/v2\/users\/1"}],"replies":[{"embeddable":true,"href":"https:\/\/terresdemotions.fr\/index.php\/wp-json\/wp\/v2\/comments?post=13783"}],"version-history":[{"count":2,"href":"https:\/\/terresdemotions.fr\/index.php\/wp-json\/wp\/v2\/posts\/13783\/revisions"}],"predecessor-version":[{"id":13786,"href":"https:\/\/terresdemotions.fr\/index.php\/wp-json\/wp\/v2\/posts\/13783\/revisions\/13786"}],"wp:featuredmedia":[{"embeddable":true,"href":"https:\/\/terresdemotions.fr\/index.php\/wp-json\/wp\/v2\/media\/13785"}],"wp:attachment":[{"href":"https:\/\/terresdemotions.fr\/index.php\/wp-json\/wp\/v2\/media?parent=13783"}],"wp:term":[{"taxonomy":"category","embeddable":true,"href":"https:\/\/terresdemotions.fr\/index.php\/wp-json\/wp\/v2\/categories?post=13783"},{"taxonomy":"post_tag","embeddable":true,"href":"https:\/\/terresdemotions.fr\/index.php\/wp-json\/wp\/v2\/tags?post=13783"}],"curies":[{"name":"wp","href":"https:\/\/api.w.org\/{rel}","templated":true}]}}