{"id":14074,"date":"2022-10-03T18:44:06","date_gmt":"2022-10-03T16:44:06","guid":{"rendered":"https:\/\/terresdemotions.fr\/?p=14074"},"modified":"2022-12-18T00:32:11","modified_gmt":"2022-12-17T23:32:11","slug":"brame-du-cerf-la-nature-a-lheure-des-rencontres","status":"publish","type":"post","link":"https:\/\/terresdemotions.fr\/index.php\/2022\/10\/03\/brame-du-cerf-la-nature-a-lheure-des-rencontres\/","title":{"rendered":"Brame du cerf &#8211; La nature \u00e0 l&rsquo;heure des rencontres"},"content":{"rendered":"<p>Le Brame du Cerf c&rsquo;est une aventure o\u00f9 le randonneur joue \u00e0 cache-cache avec l&rsquo;animal. Mais il faut savoir le provoquer, le chercher et le cueillir l\u00e0 o\u00f9 il ne l&rsquo;attend pas.<\/p>\n<p>Alors pour ce faire, prenez une marche d&rsquo;approche dans la for\u00eat , un point d&rsquo;eau et des restanques ouvertes sur la vall\u00e9e avec un bon visuel sur les pentes aux alentours et vous avez le bon cocktail pour observer les animaux.<\/p>\n<p>C&rsquo;est dans ce contexte que le petit groupe de ce WE a pu observer&nbsp; plus de 20 biches et 6 cerfs aux diff\u00e9rents moments de la journ\u00e9e. Car une fois le bivouac plant\u00e9, une petite marche s&rsquo;est impos\u00e9 pour chercher l&rsquo;animal en for\u00eat puis sur les lignes de cr\u00eate.<\/p>\n<p>Et quelle fut pas notre surprise de voir pendant de longues minutes la harde de biches de plus de 20 individus progresser sur le flan de la montagne. Et c&rsquo;est aussi les cerfs nous indiquant leur position par le brame qui ont pu \u00eatre observ\u00e9s. Puis dans la soir\u00e9e pendant notre diner convivial autour de soupe, p\u00e2te et g\u00e2teau, toujours cette ambiance particuli\u00e8re de cri rauque raisonnant dans la montagne.<\/p>\n<p>Puis c&rsquo;est au petit d\u00e9jeuner du dimanche, puis au d\u00e9jeuner que les cerfs sont sortis du bois pour se laisser admirer. Les bois massifs sur ces animaux majestueux sont forts impressionnant.<\/p>\n<p>Et puis le lendemain , le dimanche deux biches en train de nous observer se sont laiss\u00e9es prendre en photo. <\/p>\n<p>Un grand merci aux participants pour les photos.<\/p>\n<p>Yohann Accompagnateur Terres d&rsquo;\u00e9motions<\/p>\nngg_shortcode_0_placeholder\n<p><!-- Global site tag (gtag.js) - Google Analytics --><\/p>\n\n\n<figure class=\"wp-block-embed is-type-video is-provider-youtube wp-block-embed-youtube wp-embed-aspect-16-9 wp-has-aspect-ratio\"><div class=\"wp-block-embed__wrapper\">\n<div class=\"jetpack-video-wrapper\"><iframe loading=\"lazy\" title=\"Brame du Cerf for\u00eat de Turini -Terres d&#039;\u00e9motions\" width=\"640\" height=\"360\" src=\"https:\/\/www.youtube.com\/embed\/LLaLo6HOuSc?feature=oembed\" frameborder=\"0\" allow=\"accelerometer; autoplay; clipboard-write; encrypted-media; gyroscope; picture-in-picture; web-share\" referrerpolicy=\"strict-origin-when-cross-origin\" allowfullscreen><\/iframe><\/div>\n<\/div><\/figure>\n","protected":false},"excerpt":{"rendered":"<p>Pour aller au sommet du Mont Grazian, il faut d&rsquo;abord remonter la vall\u00e9e de la Bass\u00e9ra tranquillement par un beau sentier en for\u00eat.Puis apr\u00e8s quelques m\u00e8tres de d\u00e9nivel\u00e9e, la ligne de cr\u00eate se dessine. Le mont Grazian et ses nombreuses bornes fronti\u00e8res est devant nous surveillant la vall\u00e9e de la B\u00e9v\u00e9ra avec Pi\u00e8ne d&rsquo;un c\u00f4t\u00e9 et Olivetta San Mich\u00e8lle de l&rsquo;autre.Un \u00e2ne un peu trop collant s&rsquo;int\u00e9resse \u00e0 notre d\u00e9jeuner, tout comme des bousiers friands des crottins de l&rsquo;\u00e2ne. Chacun se r\u00e9gale comme il peut ! On redescend le GR non sans avoir \u00e9t\u00e9 voir par la voie des airs le village de Pi\u00e8ne.Nous voici \u00e0 la fronti\u00e8re de 1947, les panneaux routiers nous l&rsquo;indiquent. Les deux panneaux Italie et France sont distants de 50m. Alors au milieu dans quel pays sommes nous ?<br \/>\nUne aventure de se retrouver le long de la montagne pour rejoindre la prise d&rsquo;eau. L&rsquo;eau coule difficilement en cet fin d&rsquo;\u00e9t\u00e9. On remonte les m\u00e9andres d&rsquo;une rivi\u00e8re ass\u00e9ch\u00e9e pour y faire notre barbecue. Le soleil est g\u00e9n\u00e9reux, les grillades sont bonnes.<\/p>\n<p>Partis rive gauche de la va\u00efre, nous voici rive droite apr\u00e8s quelques passages hors sentier. Descente au vieux moulin pour trouver quelques vasques o\u00f9 se baigner. 5 personnes profiteront de l&rsquo;eau fraiche de la rivi\u00e8res &lsquo;y refroidir.<\/p>\n","protected":false},"author":1,"featured_media":14077,"comment_status":"open","ping_status":"open","sticky":false,"template":"","format":"standard","meta":{"_bbp_topic_count":0,"_bbp_reply_count":0,"_bbp_total_topic_count":0,"_bbp_total_reply_count":0,"_bbp_voice_count":0,"_bbp_anonymous_reply_count":0,"_bbp_topic_count_hidden":0,"_bbp_reply_count_hidden":0,"_bbp_forum_subforum_count":0,"content-type":"","_exactmetrics_skip_tracking":false,"_exactmetrics_sitenote_active":false,"_exactmetrics_sitenote_note":"","_exactmetrics_sitenote_category":0,"_monsterinsights_skip_tracking":false,"_monsterinsights_sitenote_active":false,"_monsterinsights_sitenote_note":"","_monsterinsights_sitenote_category":0,"ngg_post_thumbnail":3191,"_price":"","_stock":"","_tribe_ticket_header":"","_tribe_default_ticket_provider":"","_tribe_ticket_capacity":"0","_ticket_start_date":"","_ticket_end_date":"","_tribe_ticket_show_description":"","_tribe_ticket_show_not_going":false,"_tribe_ticket_use_global_stock":"","_tribe_ticket_global_stock_level":"","_global_stock_mode":"","_global_stock_cap":"","_tribe_rsvp_for_event":"","_tribe_ticket_going_count":"","_tribe_ticket_not_going_count":"","_tribe_tickets_list":"[]","_tribe_ticket_has_attendee_info_fields":false,"_jetpack_memberships_contains_paid_content":false,"footnotes":""},"categories":[267,42,9],"tags":[896,883,691,882],"class_list":["post-14074","post","type-post","status-publish","format-standard","has-post-thumbnail","hentry","category-niveau-2","category-randonnee","category-vallee-de-la-roya","tag-cerf","tag-eau","tag-foret","tag-vallee"],"jetpack_featured_media_url":"https:\/\/terresdemotions.fr\/wp-content\/uploads\/2022\/10\/IMG_20221001_183131-scaled.jpg","jetpack_sharing_enabled":true,"_links":{"self":[{"href":"https:\/\/terresdemotions.fr\/index.php\/wp-json\/wp\/v2\/posts\/14074","targetHints":{"allow":["GET"]}}],"collection":[{"href":"https:\/\/terresdemotions.fr\/index.php\/wp-json\/wp\/v2\/posts"}],"about":[{"href":"https:\/\/terresdemotions.fr\/index.php\/wp-json\/wp\/v2\/types\/post"}],"author":[{"embeddable":true,"href":"https:\/\/terresdemotions.fr\/index.php\/wp-json\/wp\/v2\/users\/1"}],"replies":[{"embeddable":true,"href":"https:\/\/terresdemotions.fr\/index.php\/wp-json\/wp\/v2\/comments?post=14074"}],"version-history":[{"count":1,"href":"https:\/\/terresdemotions.fr\/index.php\/wp-json\/wp\/v2\/posts\/14074\/revisions"}],"predecessor-version":[{"id":14075,"href":"https:\/\/terresdemotions.fr\/index.php\/wp-json\/wp\/v2\/posts\/14074\/revisions\/14075"}],"wp:featuredmedia":[{"embeddable":true,"href":"https:\/\/terresdemotions.fr\/index.php\/wp-json\/wp\/v2\/media\/14077"}],"wp:attachment":[{"href":"https:\/\/terresdemotions.fr\/index.php\/wp-json\/wp\/v2\/media?parent=14074"}],"wp:term":[{"taxonomy":"category","embeddable":true,"href":"https:\/\/terresdemotions.fr\/index.php\/wp-json\/wp\/v2\/categories?post=14074"},{"taxonomy":"post_tag","embeddable":true,"href":"https:\/\/terresdemotions.fr\/index.php\/wp-json\/wp\/v2\/tags?post=14074"}],"curies":[{"name":"wp","href":"https:\/\/api.w.org\/{rel}","templated":true}]}}