{"id":14207,"date":"2022-12-11T23:57:55","date_gmt":"2022-12-11T22:57:55","guid":{"rendered":"https:\/\/terresdemotions.fr\/?p=14207"},"modified":"2023-01-22T23:23:55","modified_gmt":"2023-01-22T22:23:55","slug":"les-premieres-neiges-du-plateau-de-beuil-la-tete-de-garnier","status":"publish","type":"post","link":"https:\/\/terresdemotions.fr\/index.php\/2022\/12\/11\/les-premieres-neiges-du-plateau-de-beuil-la-tete-de-garnier\/","title":{"rendered":"Les premi\u00e8res neiges du plateau de Beuil. La t\u00eate de Garnier"},"content":{"rendered":"<p>Premi\u00e8re randonn\u00e9e Raquettes de la saison qui nous emm\u00e8ne sur le plateau de Beuil. Au menu la t\u00eate de Garnier qui domine la vall\u00e9e du Cians et offre une vue sur le haut var\/Haut Verdon et la vall\u00e9e de la Tin\u00e9e.<\/p>\n<p>Une pluie vendredi dernier est venue s&rsquo;ajouter \u00e0 la neige tomb\u00e9e en quantit\u00e9 la semaine derni\u00e8re. C&rsquo;est donc dans une neige parsem\u00e9e de stries cons\u00e9cutives \u00e0 la pluie et au r\u00e9chauffement des temp\u00e9ratures que nous \u00e9voluons. De plus la couche de surface ayant gel\u00e9e, la neige est l\u00e9g\u00e8rement crout\u00e9e et ne porte pas suffisamment. Mais au del\u00e0 de cette aspect, c&rsquo;est par un parcours nouveau que nous montons \u00e0 la t\u00eate de Garnier.<\/p>\n<p>Des mont\u00e9es progressives sur les diff\u00e9rents plateaux pour att\u00e9nuer la difficult\u00e9. Puis vers 12h15 nous somme \u00e0 la t\u00eate de Garnier pour admirer ce formidable panorama au soleil. Un l\u00e9ger vent nous contraint \u00e0 nous abriter&nbsp; l\u00e9g\u00e8rement en contre bas. Le retour se fera par le lac de beuil,&nbsp; puis une l\u00e9g\u00e8re sieste, au soleil, sur une endroit partiellement d\u00e9gag\u00e9 sous les m\u00e9l\u00e8zes.<\/p>\n<p>Quelques pas de li\u00e8vre, de chamois et autres animaux sont venus agr\u00e9menter cette sortie apaisante.<\/p>\n<p>Yohann Accompagnateur Terres d&rsquo;\u00e9motions<\/p>\n<p><!-- Global site tag (gtag.js) - Google Analytics --><\/p>\n","protected":false},"excerpt":{"rendered":"<p>Premi\u00e8re randonn\u00e9e Raquettes de la saison qui nous emm\u00e8ne sur le plateau de Beuil. Au menu la t\u00eate de Garnier qui domine la vall\u00e9e du Cians et offre une vue sur le haut bvar\/Haut Verdon et la vall\u00e9e de la Tin\u00e9e.<\/p>\n<p>Une pluie vendredi dernier est venue s&rsquo;ajouter \u00e0 la neige tomb\u00e9e en quantit\u00e9 la semaine derni\u00e8re. C&rsquo;est donc dans une g\u00e8ne parsem\u00e9e de strie cons\u00e9cutif \u00e0 la pluie et au r\u00e9chauffement des temp\u00e9ratures que nous \u00e9voluons. De plus la couche de surface ayant gel\u00e9e, la neige est l\u00e9g\u00e8rement crout\u00e9 et ne porte pas suffisamment. Mais au del\u00e0 de cette aspect, c&rsquo;est par un parcours nouveau que nous montons \u00e0 la t\u00eate de Garnier.<\/p>\n","protected":false},"author":1,"featured_media":14232,"comment_status":"open","ping_status":"open","sticky":false,"template":"","format":"standard","meta":{"_bbp_topic_count":0,"_bbp_reply_count":0,"_bbp_total_topic_count":0,"_bbp_total_reply_count":0,"_bbp_voice_count":0,"_bbp_anonymous_reply_count":0,"_bbp_topic_count_hidden":0,"_bbp_reply_count_hidden":0,"_bbp_forum_subforum_count":0,"content-type":"","_exactmetrics_skip_tracking":false,"_exactmetrics_sitenote_active":false,"_exactmetrics_sitenote_note":"","_exactmetrics_sitenote_category":0,"_monsterinsights_skip_tracking":false,"_monsterinsights_sitenote_active":false,"_monsterinsights_sitenote_note":"","_monsterinsights_sitenote_category":0,"ngg_post_thumbnail":3191,"_price":"","_stock":"","_tribe_ticket_header":"","_tribe_default_ticket_provider":"","_tribe_ticket_capacity":"0","_ticket_start_date":"","_ticket_end_date":"","_tribe_ticket_show_description":"","_tribe_ticket_show_not_going":false,"_tribe_ticket_use_global_stock":"","_tribe_ticket_global_stock_level":"","_global_stock_mode":"","_global_stock_cap":"","_tribe_rsvp_for_event":"","_tribe_ticket_going_count":"","_tribe_ticket_not_going_count":"","_tribe_tickets_list":"[]","_tribe_ticket_has_attendee_info_fields":false,"_jetpack_memberships_contains_paid_content":false,"footnotes":""},"categories":[267,42,8],"tags":[883,691,462,882],"class_list":["post-14207","post","type-post","status-publish","format-standard","has-post-thumbnail","hentry","category-niveau-2","category-randonnee","category-vallee-du-cians","tag-eau","tag-foret","tag-raquettes","tag-vallee"],"jetpack_featured_media_url":"https:\/\/terresdemotions.fr\/wp-content\/uploads\/2022\/12\/PANO_20221211_122647-scaled.jpg","jetpack_sharing_enabled":true,"_links":{"self":[{"href":"https:\/\/terresdemotions.fr\/index.php\/wp-json\/wp\/v2\/posts\/14207","targetHints":{"allow":["GET"]}}],"collection":[{"href":"https:\/\/terresdemotions.fr\/index.php\/wp-json\/wp\/v2\/posts"}],"about":[{"href":"https:\/\/terresdemotions.fr\/index.php\/wp-json\/wp\/v2\/types\/post"}],"author":[{"embeddable":true,"href":"https:\/\/terresdemotions.fr\/index.php\/wp-json\/wp\/v2\/users\/1"}],"replies":[{"embeddable":true,"href":"https:\/\/terresdemotions.fr\/index.php\/wp-json\/wp\/v2\/comments?post=14207"}],"version-history":[{"count":6,"href":"https:\/\/terresdemotions.fr\/index.php\/wp-json\/wp\/v2\/posts\/14207\/revisions"}],"predecessor-version":[{"id":14238,"href":"https:\/\/terresdemotions.fr\/index.php\/wp-json\/wp\/v2\/posts\/14207\/revisions\/14238"}],"wp:featuredmedia":[{"embeddable":true,"href":"https:\/\/terresdemotions.fr\/index.php\/wp-json\/wp\/v2\/media\/14232"}],"wp:attachment":[{"href":"https:\/\/terresdemotions.fr\/index.php\/wp-json\/wp\/v2\/media?parent=14207"}],"wp:term":[{"taxonomy":"category","embeddable":true,"href":"https:\/\/terresdemotions.fr\/index.php\/wp-json\/wp\/v2\/categories?post=14207"},{"taxonomy":"post_tag","embeddable":true,"href":"https:\/\/terresdemotions.fr\/index.php\/wp-json\/wp\/v2\/tags?post=14207"}],"curies":[{"name":"wp","href":"https:\/\/api.w.org\/{rel}","templated":true}]}}