{"id":14310,"date":"2023-01-15T23:11:17","date_gmt":"2023-01-15T22:11:17","guid":{"rendered":"https:\/\/terresdemotions.fr\/?p=14310"},"modified":"2023-03-26T23:15:07","modified_gmt":"2023-03-26T21:15:07","slug":"la-montagne-de-lalp-les-etendues-sauvage-de-la-tinee","status":"publish","type":"post","link":"https:\/\/terresdemotions.fr\/index.php\/2023\/01\/15\/la-montagne-de-lalp-les-etendues-sauvage-de-la-tinee\/","title":{"rendered":"La montagne de l&rsquo;Alp, les \u00e9tendues sauvage de la Tin\u00e9e"},"content":{"rendered":"<p>La neige tomb\u00e9e en abondance le dimanche d&rsquo;avant n&rsquo;a pas fondu. Les temp\u00e9ratures n\u00e9gatives ont conserv\u00e9 une poudreuse de qualit\u00e9 en face nord.<\/p>\n<p>Aujourd&rsquo;hui, le d\u00e9part sera donn\u00e9 \u00e0 Roya, hameau pastoral de la Tin\u00e9e situ\u00e9 en altitude au bout d&rsquo;une route partiellement enneig\u00e9e. Au d\u00e9but le sentier est une piste qui descend dans la for\u00eat pour traverser la rivi\u00e8re via une passerelle.<\/p>\n<p>Mont\u00e9e progressive pour d\u00e9boucher sur des grandes \u00e9tendues enneig\u00e9es. La trace monte vers le col de crous, mais nous d\u00e9cidons de faire nos propres traces en allant vers la montagne de l&rsquo;Alp.<\/p>\n<p>Une belle poudreuse nous accueille, le temps est magnifique. Le d\u00e9jeuner sera pris en face du col de Crous et face au Mounier. Une galette est sortie du sac accompagn\u00e9 d&rsquo;une bouteille. Un bon moment convivial qui profite \u00e0 tous. La descente se fera \u00ab\u00a0hors sentier\u00a0\u00bb dans les divers pentes pour redescendre dans la vall\u00e9e, des belles sensations de glisse au milieu des m\u00e9l\u00e8zes loin du chemin initial. De bonne sensations de libert\u00e9. Retour \u00e0 la passerelle de ce matin pour une petit parcours le long de la rivi\u00e8re.<\/p>\n<p>Une belle randonn\u00e9e toujours dans une super ambiance<\/p>\n<p>Yohann Accompagnateur Terres d&rsquo;\u00e9motions<\/p>\n<p>ngg_shortcode_0_placeholder<!-- Global site tag (gtag.js) - Google Analytics --><\/p>\n","protected":false},"excerpt":{"rendered":"<p>La neige tomb\u00e9e en abondance le dimanche d&rsquo;avant n&rsquo;a pas fondu. Les temp\u00e9ratures n\u00e9gatives ont conserv\u00e9 une poudreuse de qualit\u00e9 en face nord.<br \/>\nAujourd&rsquo;hui, le d\u00e9part sera donn\u00e9 \u00e0 Roya, hameau pastoral de la Tin\u00e9e situ\u00e9 en altitude au bout d&rsquo;une route partiellement enneig\u00e9e. Au d\u00e9but le sentier est une piste qui descend dans la for\u00eat pour traverser la rivi\u00e8re via une passerelle.<br \/>\nMont\u00e9e progressive pour d\u00e9boucher sur des grandes \u00e9tendues enneig\u00e9es. La trace monte vers le col de crous, mais nous d\u00e9cidons de faire nos propres traces en allant vers la montagne de l&rsquo;Alp.<br \/>\nUne belle poudreuse nous accueille, le temps est magnifique. Le d\u00e9jeuner sera pris en face du col de Crous et face au Mounier. Une galette est sortie du sac accompagn\u00e9 d&rsquo;une bouteille. Un bon moment convivial qui profite \u00e0 tous. La descente se fera \u00ab\u00a0hors sentier\u00a0\u00bb dans les divers pentes pour redescendre dans la vall\u00e9e, des belles sensations de glisse au milieu des m\u00e9l\u00e8zes loin du chemin initial. De bonne sensations de libert\u00e9. Retour \u00e0 la passerelle de ce matin pour une petit parcours le long de la rivi\u00e8re.<br \/>\nUne belle randonn\u00e9e toujours dans une super ambiance<br \/>\nYohann Accompagnateur Terres d&rsquo;\u00e9motions<\/p>\n","protected":false},"author":1,"featured_media":14312,"comment_status":"open","ping_status":"open","sticky":false,"template":"","format":"standard","meta":{"_bbp_topic_count":0,"_bbp_reply_count":0,"_bbp_total_topic_count":0,"_bbp_total_reply_count":0,"_bbp_voice_count":0,"_bbp_anonymous_reply_count":0,"_bbp_topic_count_hidden":0,"_bbp_reply_count_hidden":0,"_bbp_forum_subforum_count":0,"content-type":"","_exactmetrics_skip_tracking":false,"_exactmetrics_sitenote_active":false,"_exactmetrics_sitenote_note":"","_exactmetrics_sitenote_category":0,"_monsterinsights_skip_tracking":false,"_monsterinsights_sitenote_active":false,"_monsterinsights_sitenote_note":"","_monsterinsights_sitenote_category":0,"ngg_post_thumbnail":3191,"_price":"","_stock":"","_tribe_ticket_header":"","_tribe_default_ticket_provider":"","_tribe_ticket_capacity":"0","_ticket_start_date":"","_ticket_end_date":"","_tribe_ticket_show_description":"","_tribe_ticket_show_not_going":false,"_tribe_ticket_use_global_stock":"","_tribe_ticket_global_stock_level":"","_global_stock_mode":"","_global_stock_cap":"","_tribe_rsvp_for_event":"","_tribe_ticket_going_count":"","_tribe_ticket_not_going_count":"","_tribe_tickets_list":"[]","_tribe_ticket_has_attendee_info_fields":false,"_jetpack_memberships_contains_paid_content":false,"footnotes":""},"categories":[267,42,39,4],"tags":[904,463,462,903],"class_list":["post-14310","post","type-post","status-publish","format-standard","has-post-thumbnail","hentry","category-niveau-2","category-randonnee","category-raquettes-a-neige","category-vallee-de-latinee","tag-animaux","tag-neige","tag-raquettes","tag-trace"],"jetpack_featured_media_url":"https:\/\/terresdemotions.fr\/wp-content\/uploads\/2023\/01\/IMG_20230115_121435-scaled.jpg","jetpack_sharing_enabled":true,"_links":{"self":[{"href":"https:\/\/terresdemotions.fr\/index.php\/wp-json\/wp\/v2\/posts\/14310","targetHints":{"allow":["GET"]}}],"collection":[{"href":"https:\/\/terresdemotions.fr\/index.php\/wp-json\/wp\/v2\/posts"}],"about":[{"href":"https:\/\/terresdemotions.fr\/index.php\/wp-json\/wp\/v2\/types\/post"}],"author":[{"embeddable":true,"href":"https:\/\/terresdemotions.fr\/index.php\/wp-json\/wp\/v2\/users\/1"}],"replies":[{"embeddable":true,"href":"https:\/\/terresdemotions.fr\/index.php\/wp-json\/wp\/v2\/comments?post=14310"}],"version-history":[{"count":2,"href":"https:\/\/terresdemotions.fr\/index.php\/wp-json\/wp\/v2\/posts\/14310\/revisions"}],"predecessor-version":[{"id":14313,"href":"https:\/\/terresdemotions.fr\/index.php\/wp-json\/wp\/v2\/posts\/14310\/revisions\/14313"}],"wp:featuredmedia":[{"embeddable":true,"href":"https:\/\/terresdemotions.fr\/index.php\/wp-json\/wp\/v2\/media\/14312"}],"wp:attachment":[{"href":"https:\/\/terresdemotions.fr\/index.php\/wp-json\/wp\/v2\/media?parent=14310"}],"wp:term":[{"taxonomy":"category","embeddable":true,"href":"https:\/\/terresdemotions.fr\/index.php\/wp-json\/wp\/v2\/categories?post=14310"},{"taxonomy":"post_tag","embeddable":true,"href":"https:\/\/terresdemotions.fr\/index.php\/wp-json\/wp\/v2\/tags?post=14310"}],"curies":[{"name":"wp","href":"https:\/\/api.w.org\/{rel}","templated":true}]}}