{"id":14325,"date":"2023-01-24T22:03:48","date_gmt":"2023-01-24T21:03:48","guid":{"rendered":"https:\/\/terresdemotions.fr\/?p=14325"},"modified":"2023-03-26T23:15:16","modified_gmt":"2023-03-26T21:15:16","slug":"galette-des-rois-a-lalpage-sous-le-signe-de-la-raquette","status":"publish","type":"post","link":"https:\/\/terresdemotions.fr\/index.php\/2023\/01\/24\/galette-des-rois-a-lalpage-sous-le-signe-de-la-raquette\/","title":{"rendered":"Galette des rois \u00e0 L&rsquo;alpage sous le signe de la raquette"},"content":{"rendered":"<p>Le froid polaire est descendu ce dimanche dans les montagnes du Mercantour. Le vent se l\u00e8ve et le couvert forestier est le bienvenu.<\/p>\n<p>Au d\u00e9part du bor\u00e9on, la neige est pr\u00e9sente miraculeusement apr\u00e8s une vall\u00e9e bien tristounette en neige. La vall\u00e9e meurtie par la temp\u00eate Alex de 2020 et le sentier de d\u00e9part dans les bois s&rsquo;est effac\u00e9 pour faire place \u00e0 une vall\u00e9e \u00e9largie de cailloux.<\/p>\n<p>Au bout de 40 min nous atteignons le restaurant l&rsquo;Alpage auquel nous reviendrons d\u00e9jeuner le midi. La curiosit\u00e9 nous pousse \u00e0 marcher dans une neige tr\u00e8s peu transform\u00e9e mais qui par moment fait d\u00e9faut. Le pont de peirastreche arrive \u00e0 nos pieds, le vent est froid, nous redescendons se mettre au chaud au restaurant.<\/p>\n<p>Il commence \u00e0 neigeoter timidement, sentiment de r\u00e9confort qui cette fois-ci tombera \u00e0 pique versus la semaine derni\u00e8re o\u00f9 le soleil g\u00e9n\u00e9reux et les temp\u00e9ratures douces nous invitait \u00e0 manger dehors.<\/p>\n<p>Bien au chaud donc, c&rsquo;est 18 passionn\u00e9es de montagne et de galettes (offert par Terres d&rsquo;\u00e9motions avec le cidre) que nous prenons nos aises lors d&rsquo;un bon repas. Repas convivial qui malheureusement aura une fin et nous poussera dehors \u00e0 rechausser nos raquettes pour redescendre par un ensemble de d\u00e9dale de pistes foresti\u00e8res pour revenir par le lac gel\u00e9 du bor\u00e9on. Une randonn\u00e9e digestive appr\u00e9ciable pour tout le monde.<\/p>\n<p>Yohann Accompagnateur Terres d&rsquo;\u00e9motions<\/p>\n<p>ngg_shortcode_0_placeholder<!-- Global site tag (gtag.js) - Google Analytics --><\/p>\n","protected":false},"excerpt":{"rendered":"<p>Le froid polaire est descendu ce dimanche dans les montagnes du Mercantour. Le vent se l\u00e8ve et le couvert forestier est le bienvenu.<\/p>\n<p>Au d\u00e9part du bor\u00e9on, la neige est pr\u00e9sente miraculeusement apr\u00e8s une vall\u00e9e bien tristounette en neige. La vall\u00e9e meurtie par la temp\u00eate Alex de 2020 et le sentier de d\u00e9part dans les bois s&rsquo;est effac\u00e9 pour faire place \u00e0 une vall\u00e9e \u00e9largie de cailloux.<\/p>\n<p>Au bout de 40 min nous atteignons le restaurant l&rsquo;Alpage auquel nous reviendrons d\u00e9jeuner le midi. La curiosit\u00e9 nous pousse \u00e0 marcher dans une neige tr\u00e8s peu transform\u00e9e mais qui par moment fait d\u00e9faut. Le pont de peirastreche arrive \u00e0 nos pieds, le vent est froid, nous redescendons se mettre au chaud au restaurant.<\/p>\n<p>Il commence \u00e0 neigeoter timidement, sentiment de r\u00e9confort qui cette fois-ci tombera \u00e0 pique versus la semaine derni\u00e8re o\u00f9 le soleil g\u00e9n\u00e9reux et les temp\u00e9ratures douces nous invitait \u00e0 manger dehors.<br \/>\nAujourd&rsquo;hui, le d\u00e9part sera donn\u00e9 \u00e0 Roya, hameau pastoral de la Tin\u00e9e situ\u00e9 en altitude au bout d&rsquo;une route partiellement enneig\u00e9e. Au d\u00e9but le sentier est une piste qui descend dans la for\u00eat pour traverser la rivi\u00e8re via une passerelle.<br \/>\nMont\u00e9e progressive pour d\u00e9boucher sur des grandes \u00e9tendues enneig\u00e9es. La trace monte vers le col de crous, mais nous d\u00e9cidons de faire nos propres traces en allant vers la montagne de l&rsquo;Alp.<br \/>\nUne belle poudreuse nous accueille, le temps est magnifique. Le d\u00e9jeuner sera pris en face du col de Crous et face au Mounier. Une galette est sortie du sac accompagn\u00e9 d&rsquo;une bouteille. Un bon moment convivial qui profite \u00e0 tous. La descente se fera \u00ab\u00a0hors sentier\u00a0\u00bb dans les divers pentes pour redescendre dans la vall\u00e9e, des belles sensations de glisse au milieu des m\u00e9l\u00e8zes loin du chemin initial. De bonne sensations de libert\u00e9. Retour \u00e0 la passerelle de ce matin pour une petit parcours le long de la rivi\u00e8re.<br \/>\nUne belle randonn\u00e9e toujours dans une super ambiance<br \/>\nYohann Accompagnateur Terres d&rsquo;\u00e9motions<\/p>\n","protected":false},"author":1,"featured_media":14329,"comment_status":"open","ping_status":"open","sticky":false,"template":"","format":"standard","meta":{"_bbp_topic_count":0,"_bbp_reply_count":0,"_bbp_total_topic_count":0,"_bbp_total_reply_count":0,"_bbp_voice_count":0,"_bbp_anonymous_reply_count":0,"_bbp_topic_count_hidden":0,"_bbp_reply_count_hidden":0,"_bbp_forum_subforum_count":0,"content-type":"","_exactmetrics_skip_tracking":false,"_exactmetrics_sitenote_active":false,"_exactmetrics_sitenote_note":"","_exactmetrics_sitenote_category":0,"_monsterinsights_skip_tracking":false,"_monsterinsights_sitenote_active":false,"_monsterinsights_sitenote_note":"","_monsterinsights_sitenote_category":0,"ngg_post_thumbnail":3191,"_price":"","_stock":"","_tribe_ticket_header":"","_tribe_default_ticket_provider":"","_tribe_ticket_capacity":"0","_ticket_start_date":"","_ticket_end_date":"","_tribe_ticket_show_description":"","_tribe_ticket_show_not_going":false,"_tribe_ticket_use_global_stock":"","_tribe_ticket_global_stock_level":"","_global_stock_mode":"","_global_stock_cap":"","_tribe_rsvp_for_event":"","_tribe_ticket_going_count":"","_tribe_ticket_not_going_count":"","_tribe_tickets_list":"[]","_tribe_ticket_has_attendee_info_fields":false,"_jetpack_memberships_contains_paid_content":false,"footnotes":""},"categories":[267,42,39,7],"tags":[904,463,462,903],"class_list":["post-14325","post","type-post","status-publish","format-standard","has-post-thumbnail","hentry","category-niveau-2","category-randonnee","category-raquettes-a-neige","category-vallee-de-la-vesubie","tag-animaux","tag-neige","tag-raquettes","tag-trace"],"jetpack_featured_media_url":"https:\/\/terresdemotions.fr\/wp-content\/uploads\/2023\/01\/IMG_20230122_123509-scaled.jpg","jetpack_sharing_enabled":true,"_links":{"self":[{"href":"https:\/\/terresdemotions.fr\/index.php\/wp-json\/wp\/v2\/posts\/14325","targetHints":{"allow":["GET"]}}],"collection":[{"href":"https:\/\/terresdemotions.fr\/index.php\/wp-json\/wp\/v2\/posts"}],"about":[{"href":"https:\/\/terresdemotions.fr\/index.php\/wp-json\/wp\/v2\/types\/post"}],"author":[{"embeddable":true,"href":"https:\/\/terresdemotions.fr\/index.php\/wp-json\/wp\/v2\/users\/1"}],"replies":[{"embeddable":true,"href":"https:\/\/terresdemotions.fr\/index.php\/wp-json\/wp\/v2\/comments?post=14325"}],"version-history":[{"count":3,"href":"https:\/\/terresdemotions.fr\/index.php\/wp-json\/wp\/v2\/posts\/14325\/revisions"}],"predecessor-version":[{"id":14330,"href":"https:\/\/terresdemotions.fr\/index.php\/wp-json\/wp\/v2\/posts\/14325\/revisions\/14330"}],"wp:featuredmedia":[{"embeddable":true,"href":"https:\/\/terresdemotions.fr\/index.php\/wp-json\/wp\/v2\/media\/14329"}],"wp:attachment":[{"href":"https:\/\/terresdemotions.fr\/index.php\/wp-json\/wp\/v2\/media?parent=14325"}],"wp:term":[{"taxonomy":"category","embeddable":true,"href":"https:\/\/terresdemotions.fr\/index.php\/wp-json\/wp\/v2\/categories?post=14325"},{"taxonomy":"post_tag","embeddable":true,"href":"https:\/\/terresdemotions.fr\/index.php\/wp-json\/wp\/v2\/tags?post=14325"}],"curies":[{"name":"wp","href":"https:\/\/api.w.org\/{rel}","templated":true}]}}