{"id":14404,"date":"2023-03-20T13:24:36","date_gmt":"2023-03-20T12:24:36","guid":{"rendered":"https:\/\/terresdemotions.fr\/?p=14404"},"modified":"2023-11-19T23:46:10","modified_gmt":"2023-11-19T22:46:10","slug":"les-cretes-de-lesteron-une-dorsale-infinie","status":"publish","type":"post","link":"https:\/\/terresdemotions.fr\/index.php\/2023\/03\/20\/les-cretes-de-lesteron-une-dorsale-infinie\/","title":{"rendered":"Les cr\u00eates de l&rsquo;Est\u00e9ron, une dorsale infinie"},"content":{"rendered":"<p>Fabuleuse rivi\u00e8re, l&rsquo;est\u00e9ron prend sa source au pied du Teillon (1893 m). C&rsquo;est ici que nous d\u00e9marrons la randonn\u00e9e. L&rsquo;est\u00e9ron est un petit ru, sage, un maigre filet d&rsquo;eau, en ces temps de s\u00e9cheresse avant de se faire rejoindre par de nombreux affluents.<\/p>\n<p>Parvenu au col des portes, le choix s&rsquo;oriente donc vers la ligne de cr\u00eate s&rsquo;\u00e9tirant vers L&rsquo;est. La v\u00e9g\u00e9tation tente de trouver de la place dans ce paysage calcaire, le sentier se fait parfois h\u00e9sitant.<\/p>\n<p>Ici aucune indication ! laissant \u00e0 l&rsquo;imagination son propre parcours. Alors situ\u00e9s sur cette cr\u00eate \u00e0 1712 m d&rsquo;altitude o\u00f9&nbsp; l&rsquo;est\u00e9ron est 700 m plus bas la vue qui s&rsquo;offre \u00e0 nous est panoramique sur les diff\u00e9rentes vall\u00e9es allant du Verdon, au Mercantour.<\/p>\n<p>Le soleil n&rsquo;est pas aussi g\u00e9n\u00e9reux qu&rsquo;esp\u00e9r\u00e9, les nuages parviennent \u00e0 notre niveau . La neige fine fera son apparition apr\u00e8s le d\u00e9jeuner. Alors nous orientons le parcours en descente \u00e0 partir du Col bas.<\/p>\n<p>Descente dans cette formidable for\u00eat de h\u00eatres o\u00f9 les arbres s&#8217;embrassent ou bien se joignent pour ne faire plus qu&rsquo;un. Le soleil revient quand nous sommes dans la pleine inondant de Soleil, le beau village authentique de St Auban.<\/p>\n<p>Un beau parcours sauvage sans rencontrer \u00e2me qui vive, loin de toute agitation touristique. La ligne de cr\u00eate pour nous seul et \u00e7a c&rsquo;est la meilleure des ressources.<\/p>\n<p>Yohann Accompagnateur Terres d&rsquo;\u00e9motions<\/p>\n<p>ngg_shortcode_0_placeholder<!-- Global site tag (gtag.js) - Google Analytics --><\/p>\n","protected":false},"excerpt":{"rendered":"<p>Fabuleuse rivi\u00e8re, l&rsquo;est\u00e9ron prend sa source au pied du Teillon (1893 m). C&rsquo;est ici que nous d\u00e9marrons la randonn\u00e9e. L&rsquo;est\u00e9ron est un petit ru, sage, un maigre filet d&rsquo;eau, en ces temps de s\u00e9cheresse avant de se faire rejoindre par de nombreux affluents.<\/p>\n<p>Parvenu au col des portes, le choix s&rsquo;oriente donc vers la ligne de cr\u00eate s&rsquo;\u00e9tirant vers L&rsquo;est. La v\u00e9g\u00e9tation tente de trouver de la place dans ce paysage calcaire, le sentier se fait parfois h\u00e9sitant.<\/p>\n<p>Ici aucune indication ! laissant \u00e0 l&rsquo;imagination son propre parcours. Alors situ\u00e9s sur cette cr\u00eate \u00e0 1712 m d&rsquo;altitude o\u00f9\u00a0 l&rsquo;est\u00e9ron est 700 m plus bas la vue qui s&rsquo;offre \u00e0 nous est panoramique sur les diff\u00e9rentes vall\u00e9es allant du Verdon, au Mercantour.<\/p>\n<p>Le soleil n&rsquo;est pas aussi g\u00e9n\u00e9reux qu&rsquo;esp\u00e9r\u00e9, les nuages parviennent \u00e0 notre niveau . La neige fine fera son apparition apr\u00e8s le d\u00e9jeuner. Alors nous orientons le parcours en descente \u00e0 partir du Col bas.<\/p>\n<p>Descente dans cette formidable for\u00eat de h\u00eatres o\u00f9 les arbres s&#8217;embrassent ou bien se joignent pour ne faire plus qu&rsquo;un. Le soleil revient quand nous sommes dans la pleine inondant de Soleil, le beau village authentique de St Auban.<\/p>\n<p>Un beau parcours sauvage sans rencontrer \u00e2me qui vive, loin de toute agitation touristique. La ligne de cr\u00eate pour nous seul et \u00e7a c&rsquo;est la meilleure des ressources.<\/p>\n<p>Yohann Accompagnateur Terres d&rsquo;\u00e9motions<\/p>\n","protected":false},"author":1,"featured_media":14417,"comment_status":"open","ping_status":"open","sticky":false,"template":"","format":"standard","meta":{"_bbp_topic_count":0,"_bbp_reply_count":0,"_bbp_total_topic_count":0,"_bbp_total_reply_count":0,"_bbp_voice_count":0,"_bbp_anonymous_reply_count":0,"_bbp_topic_count_hidden":0,"_bbp_reply_count_hidden":0,"_bbp_forum_subforum_count":0,"content-type":"","_exactmetrics_skip_tracking":false,"_exactmetrics_sitenote_active":false,"_exactmetrics_sitenote_note":"","_exactmetrics_sitenote_category":0,"_monsterinsights_skip_tracking":false,"_monsterinsights_sitenote_active":false,"_monsterinsights_sitenote_note":"","_monsterinsights_sitenote_category":0,"ngg_post_thumbnail":3191,"_price":"","_stock":"","_tribe_ticket_header":"","_tribe_default_ticket_provider":"","_tribe_ticket_capacity":"0","_ticket_start_date":"","_ticket_end_date":"","_tribe_ticket_show_description":"","_tribe_ticket_show_not_going":false,"_tribe_ticket_use_global_stock":"","_tribe_ticket_global_stock_level":"","_global_stock_mode":"","_global_stock_cap":"","_tribe_rsvp_for_event":"","_tribe_ticket_going_count":"","_tribe_ticket_not_going_count":"","_tribe_tickets_list":"[]","_tribe_ticket_has_attendee_info_fields":false,"_jetpack_memberships_contains_paid_content":false,"footnotes":""},"categories":[267,42,5],"tags":[825,312,915,362],"class_list":["post-14404","post","type-post","status-publish","format-standard","has-post-thumbnail","hentry","category-niveau-2","category-randonnee","category-vallee-de-lesteron","tag-calcaire","tag-crete","tag-prealpes","tag-sommet"],"jetpack_featured_media_url":"https:\/\/terresdemotions.fr\/wp-content\/uploads\/2023\/03\/DJI_0962-scaled.jpg","jetpack_sharing_enabled":true,"_links":{"self":[{"href":"https:\/\/terresdemotions.fr\/index.php\/wp-json\/wp\/v2\/posts\/14404","targetHints":{"allow":["GET"]}}],"collection":[{"href":"https:\/\/terresdemotions.fr\/index.php\/wp-json\/wp\/v2\/posts"}],"about":[{"href":"https:\/\/terresdemotions.fr\/index.php\/wp-json\/wp\/v2\/types\/post"}],"author":[{"embeddable":true,"href":"https:\/\/terresdemotions.fr\/index.php\/wp-json\/wp\/v2\/users\/1"}],"replies":[{"embeddable":true,"href":"https:\/\/terresdemotions.fr\/index.php\/wp-json\/wp\/v2\/comments?post=14404"}],"version-history":[{"count":2,"href":"https:\/\/terresdemotions.fr\/index.php\/wp-json\/wp\/v2\/posts\/14404\/revisions"}],"predecessor-version":[{"id":14430,"href":"https:\/\/terresdemotions.fr\/index.php\/wp-json\/wp\/v2\/posts\/14404\/revisions\/14430"}],"wp:featuredmedia":[{"embeddable":true,"href":"https:\/\/terresdemotions.fr\/index.php\/wp-json\/wp\/v2\/media\/14417"}],"wp:attachment":[{"href":"https:\/\/terresdemotions.fr\/index.php\/wp-json\/wp\/v2\/media?parent=14404"}],"wp:term":[{"taxonomy":"category","embeddable":true,"href":"https:\/\/terresdemotions.fr\/index.php\/wp-json\/wp\/v2\/categories?post=14404"},{"taxonomy":"post_tag","embeddable":true,"href":"https:\/\/terresdemotions.fr\/index.php\/wp-json\/wp\/v2\/tags?post=14404"}],"curies":[{"name":"wp","href":"https:\/\/api.w.org\/{rel}","templated":true}]}}