{"id":14467,"date":"2023-04-10T20:38:09","date_gmt":"2023-04-10T18:38:09","guid":{"rendered":"https:\/\/terresdemotions.fr\/?p=14467"},"modified":"2023-11-19T23:46:18","modified_gmt":"2023-11-19T22:46:18","slug":"au-coeur-des-volcans-de-lesterel-pic-du-perthus","status":"publish","type":"post","link":"https:\/\/terresdemotions.fr\/index.php\/2023\/04\/10\/au-coeur-des-volcans-de-lesterel-pic-du-perthus\/","title":{"rendered":"Au c\u0153ur des volcans de l&rsquo;Esterel-Pic du Perthus"},"content":{"rendered":"<p>Pour connaitre un peu mieux l&rsquo;Esterel et sortir des sentiers battus, d&rsquo;autres pics tout aussi caract\u00e9ristiques et moins connus sont int\u00e9ressants \u00e0 pratiquer en randonn\u00e9e.<\/p>\n<p>Situ\u00e9 derri\u00e8re le pic du cap roux et le rastel d&rsquo;Agay, les pics du perthus oriental et occidental culminant \u00e0 274 m offrent une vue imprenable sur la baie de St Rapha\u00ebl. Le parcours passe par un petit \u00e9tang o\u00f9 le lotus a \u00e9lu domicile, traverse des for\u00eats d\u2019asphod\u00e8le, des gorges \u00e9troites comme le ravin du Perthus et pour finir le sommet du Perthus.<\/p>\n<p>Le printemps est arriv\u00e9 dans cette zone prot\u00e9g\u00e9 de 140 km2 sur les 320km2 que compte le massif de L&rsquo;Esterel. Ce massif vieux de 230 millions d&rsquo;ann\u00e9es \u00e0 la g\u00e9ologie particuli\u00e8re avec des monolithes correspondant \u00e0 d&rsquo;ancienne chemin\u00e9es \u00e9ruptives; color\u00e9 par la ryolithe rouge t\u00e9moin de 30 millions d&rsquo;ann\u00e9e de volcanisme.<\/p>\n<p>Et puis apr\u00e8s le d\u00e9jeuner, la baignade dans une eau rare et providentielle, fraiche mais au combien agr\u00e9able.<\/p>\n<p>Yohann Accompagnateur Terres d&rsquo;\u00e9motions<\/p>\n<p>ngg_shortcode_0_placeholder<!-- Global site tag (gtag.js) - Google Analytics --><\/p>\n","protected":false},"excerpt":{"rendered":"<p>Pour connaitre un peu mieux l&rsquo;Esterel et sortir des sentiers battus, d&rsquo;autres pics tout aussi caract\u00e9ristiques et moins connus sont int\u00e9ressants \u00e0 pratiquer en randonn\u00e9e.<\/p>\n<p>Situ\u00e9 derri\u00e8re le pic du cap roux et le rastel d&rsquo;Agay, les pics du perthus oriental et occidental culminant \u00e0 274 m offrent une vue imprenable sur la baie de St Rapha\u00ebl. Le parcours passe par un petit \u00e9tang o\u00f9 le lotus a \u00e9lu domicile, traverse des for\u00eats d\u2019asphod\u00e8le, des gorges \u00e9troites comme le ravin du Perthus et pour finir le sommet du Perthus.<\/p>\n<p>Le printemps est arriv\u00e9 dans cette zone prot\u00e9g\u00e9 de 140 km2 sur les 320km2 que compte le massif de L&rsquo;Esterel. Ce massif vieux de 230 millions d&rsquo;ann\u00e9es \u00e0 la g\u00e9ologie particuli\u00e8re avec des monolithes correspondant \u00e0 d&rsquo;ancienne chemin\u00e9es \u00e9ruptives; color\u00e9 par la ryolithe rouge t\u00e9moin de 30 millions d&rsquo;ann\u00e9e de volcanisme.<\/p>\n<p>Et puis apr\u00e8s le d\u00e9jeuner, la baignade dans une eau rare et providentielle, fraiche mais au combien agr\u00e9able.<\/p>\n","protected":false},"author":1,"featured_media":14469,"comment_status":"open","ping_status":"open","sticky":false,"template":"","format":"standard","meta":{"_bbp_topic_count":0,"_bbp_reply_count":0,"_bbp_total_topic_count":0,"_bbp_total_reply_count":0,"_bbp_voice_count":0,"_bbp_anonymous_reply_count":0,"_bbp_topic_count_hidden":0,"_bbp_reply_count_hidden":0,"_bbp_forum_subforum_count":0,"content-type":"","_exactmetrics_skip_tracking":false,"_exactmetrics_sitenote_active":false,"_exactmetrics_sitenote_note":"","_exactmetrics_sitenote_category":0,"_monsterinsights_skip_tracking":false,"_monsterinsights_sitenote_active":false,"_monsterinsights_sitenote_note":"","_monsterinsights_sitenote_category":0,"ngg_post_thumbnail":3191,"_price":"","_stock":"","_tribe_ticket_header":"","_tribe_default_ticket_provider":"","_tribe_ticket_capacity":"0","_ticket_start_date":"","_ticket_end_date":"","_tribe_ticket_show_description":"","_tribe_ticket_show_not_going":false,"_tribe_ticket_use_global_stock":"","_tribe_ticket_global_stock_level":"","_global_stock_mode":"","_global_stock_cap":"","_tribe_rsvp_for_event":"","_tribe_ticket_going_count":"","_tribe_ticket_not_going_count":"","_tribe_tickets_list":"[]","_tribe_ticket_has_attendee_info_fields":false,"_jetpack_memberships_contains_paid_content":false,"footnotes":""},"categories":[180,267,42],"tags":[312,665,915,362],"class_list":["post-14467","post","type-post","status-publish","format-standard","has-post-thumbnail","hentry","category-departements-83-13","category-niveau-2","category-randonnee","tag-crete","tag-esterel","tag-prealpes","tag-sommet"],"jetpack_featured_media_url":"https:\/\/terresdemotions.fr\/wp-content\/uploads\/2023\/04\/dji_fly_20230409_132600_766_1681062598875_photo-scaled.jpg","jetpack_sharing_enabled":true,"_links":{"self":[{"href":"https:\/\/terresdemotions.fr\/index.php\/wp-json\/wp\/v2\/posts\/14467","targetHints":{"allow":["GET"]}}],"collection":[{"href":"https:\/\/terresdemotions.fr\/index.php\/wp-json\/wp\/v2\/posts"}],"about":[{"href":"https:\/\/terresdemotions.fr\/index.php\/wp-json\/wp\/v2\/types\/post"}],"author":[{"embeddable":true,"href":"https:\/\/terresdemotions.fr\/index.php\/wp-json\/wp\/v2\/users\/1"}],"replies":[{"embeddable":true,"href":"https:\/\/terresdemotions.fr\/index.php\/wp-json\/wp\/v2\/comments?post=14467"}],"version-history":[{"count":2,"href":"https:\/\/terresdemotions.fr\/index.php\/wp-json\/wp\/v2\/posts\/14467\/revisions"}],"predecessor-version":[{"id":14470,"href":"https:\/\/terresdemotions.fr\/index.php\/wp-json\/wp\/v2\/posts\/14467\/revisions\/14470"}],"wp:featuredmedia":[{"embeddable":true,"href":"https:\/\/terresdemotions.fr\/index.php\/wp-json\/wp\/v2\/media\/14469"}],"wp:attachment":[{"href":"https:\/\/terresdemotions.fr\/index.php\/wp-json\/wp\/v2\/media?parent=14467"}],"wp:term":[{"taxonomy":"category","embeddable":true,"href":"https:\/\/terresdemotions.fr\/index.php\/wp-json\/wp\/v2\/categories?post=14467"},{"taxonomy":"post_tag","embeddable":true,"href":"https:\/\/terresdemotions.fr\/index.php\/wp-json\/wp\/v2\/tags?post=14467"}],"curies":[{"name":"wp","href":"https:\/\/api.w.org\/{rel}","templated":true}]}}