{"id":14482,"date":"2023-04-17T21:58:22","date_gmt":"2023-04-17T19:58:22","guid":{"rendered":"https:\/\/terresdemotions.fr\/?p=14482"},"modified":"2023-11-19T23:46:27","modified_gmt":"2023-11-19T22:46:27","slug":"lestellier-la-table-panoramique-du-mercantour","status":"publish","type":"post","link":"https:\/\/terresdemotions.fr\/index.php\/2023\/04\/17\/lestellier-la-table-panoramique-du-mercantour\/","title":{"rendered":"L\u2019Estellier -la table panoramique du Mercantour"},"content":{"rendered":"<p>Sommet proche du bord de mer mais au combien int\u00e9ressant. Situ\u00e9 sur les contreforts de l&rsquo;Est\u00e9ron, l&rsquo;estellier est une ligne de cr\u00eate orient\u00e9e est\/ouest en direction du Cheiron.<\/p>\n<p>Partis au d\u00e9part du vallon de Bouyon, nous atteignons rapidement le canal de vegay. Construit en 1954, ce canal long de 21 kms prend vie \u00e0 la cascade de vegay, traverse la montagne dans de multiples tunnels pour arriver \u00e0 la station d&rsquo;\u00e9puration de Bouyon. Del\u00e0, cette eau trait\u00e9e repart en direction du sud par la canal de la gravi\u00e8re pour alimenter jusqu&rsquo;\u00e0 St Jeannet.<\/p>\n<p>Une eau providentielle pour tout un territoire.<\/p>\n<p>Une fois le canal pass\u00e9, la pente s&rsquo;accentue et le sentier traverse de multiples restanques t\u00e9moignant de l&rsquo;activit\u00e9 pastorale ancienne. Une fois le d\u00e9jeune pass\u00e9, la descente se fera par un sentier non marqu\u00e9 sur la carte traversant des parties herbeuses.<\/p>\n<p>Puis descente dans le vallon de bouyon, o\u00f9 l&rsquo;eau est absente du sol (malheureusement d\u00e9j\u00e0 t\u00f4t dans la saison). Cette eau finit par resurgir quelques centaines de m\u00e8tres plus bas avant d&rsquo;\u00eatre retenue par une \u00e9cluse.<\/p>\n<p>Apr\u00e8s la randonn\u00e9e, et pour cl\u00f4turer cette journ\u00e9e, quoi de mieux qu&rsquo;un petit verre de l&rsquo;amiti\u00e9 \u00e0 Bouyon.<\/p>\n<p>Yohann Accompagnateur Terres d&rsquo;\u00e9motions<\/p>\n<p>ngg_shortcode_0_placeholder<!-- Global site tag (gtag.js) - Google Analytics --><\/p>\n","protected":false},"excerpt":{"rendered":"<p>Sommet proche du bord de mer mais au combien int\u00e9ressant. Situ\u00e9 sur les contreforts de l&rsquo;Est\u00e9ron, l&rsquo;estellier est une ligne de cr\u00eate orient\u00e9e est\/ouest en direction du Cheiron.<\/p>\n<p>Partis au d\u00e9part du vallon de Bouyon, nous atteignons rapidement le canal de vegay. Construit en 1954, ce canal long de 21 kms prend vie \u00e0 la cascade de vegay, traverse la montagne dans de multiples tunnels pour arriver \u00e0 la station d&rsquo;\u00e9puration de Bouyon. Del\u00e0, cette eau trait\u00e9e repart en direction du sud par la canal de la gravi\u00e8re pour alimenter jusqu&rsquo;\u00e0 St Jeannet.<\/p>\n<p>Une eau providentielle pour tout un territoire.<\/p>\n<p>Situ\u00e9 derri\u00e8re le pic du cap roux et le rastel d&rsquo;Agay, les pics du perthus oriental et occidental culminant \u00e0 274 m offrent une vue imprenable sur la baie de St Rapha\u00ebl. Le parcours passe par un petit \u00e9tang o\u00f9 le lotus a \u00e9lu domicile, traverse des for\u00eats d\u2019asphod\u00e8le, des gorges \u00e9troites comme le ravin du Perthus et pour finir le sommet du Perthus.<\/p>\n<p>Le printemps est arriv\u00e9 dans cette zone prot\u00e9g\u00e9 de 140 km2 sur les 320km2 que compte le massif de L&rsquo;Esterel. Ce massif vieux de 230 millions d&rsquo;ann\u00e9es \u00e0 la g\u00e9ologie particuli\u00e8re avec des monolithes correspondant \u00e0 d&rsquo;ancienne chemin\u00e9es \u00e9ruptives; color\u00e9 par la ryolithe rouge t\u00e9moin de 30 millions d&rsquo;ann\u00e9e de volcanisme.<\/p>\n<p>Et puis apr\u00e8s le d\u00e9jeuner, la baignade dans une eau rare et providentielle, fraiche mais au combien agr\u00e9able.<\/p>\n","protected":false},"author":1,"featured_media":14483,"comment_status":"open","ping_status":"open","sticky":false,"template":"","format":"standard","meta":{"_bbp_topic_count":0,"_bbp_reply_count":0,"_bbp_total_topic_count":0,"_bbp_total_reply_count":0,"_bbp_voice_count":0,"_bbp_anonymous_reply_count":0,"_bbp_topic_count_hidden":0,"_bbp_reply_count_hidden":0,"_bbp_forum_subforum_count":0,"content-type":"","_exactmetrics_skip_tracking":false,"_exactmetrics_sitenote_active":false,"_exactmetrics_sitenote_note":"","_exactmetrics_sitenote_category":0,"_monsterinsights_skip_tracking":false,"_monsterinsights_sitenote_active":false,"_monsterinsights_sitenote_note":"","_monsterinsights_sitenote_category":0,"ngg_post_thumbnail":3191,"_price":"","_stock":"","_tribe_ticket_header":"","_tribe_default_ticket_provider":"","_tribe_ticket_capacity":"0","_ticket_start_date":"","_ticket_end_date":"","_tribe_ticket_show_description":"","_tribe_ticket_show_not_going":false,"_tribe_ticket_use_global_stock":"","_tribe_ticket_global_stock_level":"","_global_stock_mode":"","_global_stock_cap":"","_tribe_rsvp_for_event":"","_tribe_ticket_going_count":"","_tribe_ticket_not_going_count":"","_tribe_tickets_list":"[]","_tribe_ticket_has_attendee_info_fields":false,"_jetpack_memberships_contains_paid_content":false,"footnotes":""},"categories":[267,42,5],"tags":[312,665,915,362],"class_list":["post-14482","post","type-post","status-publish","format-standard","has-post-thumbnail","hentry","category-niveau-2","category-randonnee","category-vallee-de-lesteron","tag-crete","tag-esterel","tag-prealpes","tag-sommet"],"jetpack_featured_media_url":"https:\/\/terresdemotions.fr\/wp-content\/uploads\/2023\/04\/DJI_0988-scaled.jpg","jetpack_sharing_enabled":true,"_links":{"self":[{"href":"https:\/\/terresdemotions.fr\/index.php\/wp-json\/wp\/v2\/posts\/14482","targetHints":{"allow":["GET"]}}],"collection":[{"href":"https:\/\/terresdemotions.fr\/index.php\/wp-json\/wp\/v2\/posts"}],"about":[{"href":"https:\/\/terresdemotions.fr\/index.php\/wp-json\/wp\/v2\/types\/post"}],"author":[{"embeddable":true,"href":"https:\/\/terresdemotions.fr\/index.php\/wp-json\/wp\/v2\/users\/1"}],"replies":[{"embeddable":true,"href":"https:\/\/terresdemotions.fr\/index.php\/wp-json\/wp\/v2\/comments?post=14482"}],"version-history":[{"count":1,"href":"https:\/\/terresdemotions.fr\/index.php\/wp-json\/wp\/v2\/posts\/14482\/revisions"}],"predecessor-version":[{"id":14484,"href":"https:\/\/terresdemotions.fr\/index.php\/wp-json\/wp\/v2\/posts\/14482\/revisions\/14484"}],"wp:featuredmedia":[{"embeddable":true,"href":"https:\/\/terresdemotions.fr\/index.php\/wp-json\/wp\/v2\/media\/14483"}],"wp:attachment":[{"href":"https:\/\/terresdemotions.fr\/index.php\/wp-json\/wp\/v2\/media?parent=14482"}],"wp:term":[{"taxonomy":"category","embeddable":true,"href":"https:\/\/terresdemotions.fr\/index.php\/wp-json\/wp\/v2\/categories?post=14482"},{"taxonomy":"post_tag","embeddable":true,"href":"https:\/\/terresdemotions.fr\/index.php\/wp-json\/wp\/v2\/tags?post=14482"}],"curies":[{"name":"wp","href":"https:\/\/api.w.org\/{rel}","templated":true}]}}