{"id":14755,"date":"2023-10-15T23:36:27","date_gmt":"2023-10-15T21:36:27","guid":{"rendered":"https:\/\/terresdemotions.fr\/?p=14755"},"modified":"2023-11-26T22:35:46","modified_gmt":"2023-11-26T21:35:46","slug":"randonnee-aquatique-val-de-chalvagne-2","status":"publish","type":"post","link":"https:\/\/terresdemotions.fr\/index.php\/2023\/10\/15\/randonnee-aquatique-val-de-chalvagne-2\/","title":{"rendered":"Cime du Chalancha -Granges de la Brasque"},"content":{"rendered":"\n<p>C&rsquo;est au bout de la route des granges de la brasque que le d\u00e9part de la randonn\u00e9e \u00e0 lieu. Et toujours cette impression du bout du monde pour monter en ce lieu militaire battit en 1889 pour d\u00e9fendre les fronti\u00e8re de la France contre l&rsquo;Italie.<\/p>\n<p>Le parcours emprunte le mythique GR5 par un sentier d&rsquo;abord au milieu d&rsquo;une piste puis rapidement en ligne de cr\u00eate entre le partage des eaux de la V\u00e9subie et de la Tin\u00e9e.<\/p>\n<p>Le mont Chalancha le plus haut de la ligne de cr\u00eate sera notre point de d\u00e9jeuner. Au sommet un point de vue exceptionnel \u00e0 360\u00b0 sur toutes les cimes alentours allant de l&rsquo;est\u00e9rel, le bas Verdon, Le Teillon avec l&rsquo;est\u00e9ron, le Haut Var, Le mont Mounier, Le Malinvern, Le G\u00e9las, Le Mont B\u00e9go, et tant d&rsquo;autres tant le point est central.<\/p>\n<p>Pendant le d\u00e9jeuner, une visite de nombreux vautours, et pendant la rando des \u00e9cureuils, des chamois et des biches.<\/p>\n<p>Une bonne sortie avec un groupe toujours aussi sympathique.<\/p>\n<p>Ne manquez pas les prochaines randonn\u00e9es, Il y en a forc\u00e9ment une qui vous correspond<br><br>Yohann Accompagnateur Terres d&rsquo;\u00e9motions<\/p>\nngg_shortcode_0_placeholder\n","protected":false},"excerpt":{"rendered":"<p>C&rsquo;est au bout de la route des granges de la brasque que le d\u00e9part de la randonn\u00e9e \u00e0 lieu. Et toujours cette impression du bout du monde pour monter en ce lieu militaire battit en 1889 pour d\u00e9fendre les fronti\u00e8re de la France contre l&rsquo;Italie.<\/p>\n<p>Le parcours emprunte le mythique GR5 par un sentier d&rsquo;abord au milieu d&rsquo;une piste puis rapidement en ligne de cr\u00eate entre le partage des eaux de la V\u00e9subie et de la Tin\u00e9e.<\/p>\n","protected":false},"author":1,"featured_media":14756,"comment_status":"open","ping_status":"open","sticky":false,"template":"","format":"standard","meta":{"_bbp_topic_count":0,"_bbp_reply_count":0,"_bbp_total_topic_count":0,"_bbp_total_reply_count":0,"_bbp_voice_count":0,"_bbp_anonymous_reply_count":0,"_bbp_topic_count_hidden":0,"_bbp_reply_count_hidden":0,"_bbp_forum_subforum_count":0,"content-type":"","_exactmetrics_skip_tracking":false,"_exactmetrics_sitenote_active":false,"_exactmetrics_sitenote_note":"","_exactmetrics_sitenote_category":0,"_monsterinsights_skip_tracking":false,"_monsterinsights_sitenote_active":false,"_monsterinsights_sitenote_note":"","_monsterinsights_sitenote_category":0,"ngg_post_thumbnail":3191,"_price":"","_stock":"","_tribe_ticket_header":"","_tribe_default_ticket_provider":"","_tribe_ticket_capacity":"0","_ticket_start_date":"","_ticket_end_date":"","_tribe_ticket_show_description":"","_tribe_ticket_show_not_going":false,"_tribe_ticket_use_global_stock":"","_tribe_ticket_global_stock_level":"","_global_stock_mode":"","_global_stock_cap":"","_tribe_rsvp_for_event":"","_tribe_ticket_going_count":"","_tribe_ticket_not_going_count":"","_tribe_tickets_list":"[]","_tribe_ticket_has_attendee_info_fields":false,"_jetpack_memberships_contains_paid_content":false,"footnotes":""},"categories":[267,42,1],"tags":[312,803,882],"class_list":["post-14755","post","type-post","status-publish","format-standard","has-post-thumbnail","hentry","category-niveau-2","category-randonnee","category-vallee-du-var","tag-crete","tag-sommets","tag-vallee"],"jetpack_featured_media_url":"https:\/\/terresdemotions.fr\/wp-content\/uploads\/2023\/10\/DJI_0661-scaled.jpg","jetpack_sharing_enabled":true,"_links":{"self":[{"href":"https:\/\/terresdemotions.fr\/index.php\/wp-json\/wp\/v2\/posts\/14755","targetHints":{"allow":["GET"]}}],"collection":[{"href":"https:\/\/terresdemotions.fr\/index.php\/wp-json\/wp\/v2\/posts"}],"about":[{"href":"https:\/\/terresdemotions.fr\/index.php\/wp-json\/wp\/v2\/types\/post"}],"author":[{"embeddable":true,"href":"https:\/\/terresdemotions.fr\/index.php\/wp-json\/wp\/v2\/users\/1"}],"replies":[{"embeddable":true,"href":"https:\/\/terresdemotions.fr\/index.php\/wp-json\/wp\/v2\/comments?post=14755"}],"version-history":[{"count":3,"href":"https:\/\/terresdemotions.fr\/index.php\/wp-json\/wp\/v2\/posts\/14755\/revisions"}],"predecessor-version":[{"id":14834,"href":"https:\/\/terresdemotions.fr\/index.php\/wp-json\/wp\/v2\/posts\/14755\/revisions\/14834"}],"wp:featuredmedia":[{"embeddable":true,"href":"https:\/\/terresdemotions.fr\/index.php\/wp-json\/wp\/v2\/media\/14756"}],"wp:attachment":[{"href":"https:\/\/terresdemotions.fr\/index.php\/wp-json\/wp\/v2\/media?parent=14755"}],"wp:term":[{"taxonomy":"category","embeddable":true,"href":"https:\/\/terresdemotions.fr\/index.php\/wp-json\/wp\/v2\/categories?post=14755"},{"taxonomy":"post_tag","embeddable":true,"href":"https:\/\/terresdemotions.fr\/index.php\/wp-json\/wp\/v2\/tags?post=14755"}],"curies":[{"name":"wp","href":"https:\/\/api.w.org\/{rel}","templated":true}]}}