{"id":15097,"date":"2024-01-14T22:44:19","date_gmt":"2024-01-14T21:44:19","guid":{"rendered":"https:\/\/terresdemotions.fr\/?p=15097"},"modified":"2024-09-15T22:09:00","modified_gmt":"2024-09-15T20:09:00","slug":"lac-de-la-fous-refuge-de-nice-la-gordolasque","status":"publish","type":"post","link":"https:\/\/terresdemotions.fr\/index.php\/2024\/01\/14\/lac-de-la-fous-refuge-de-nice-la-gordolasque\/","title":{"rendered":"Lac de la Fous, Refuge de Nice-La gordolasque"},"content":{"rendered":"\n<p>Pas beaucoup de monde sur le parking \u00ab\u00a0hiver\u00a0\u00bb ce matin. La neige bloque la route nous montons au pont du countet \u00e0 pied. Les nuages bloquent l&rsquo;arriv\u00e9e du soleil, la neige est peu pr\u00e9sente dans le vallon, mais suffit \u00e0 mettre les raquettes au pont du countet. Au moins cela \u00e9vite de glisser sur la glace.<\/p>\n<p>Mont\u00e9e tranquille au mur des Italiens, le soleil se d\u00e9cide enfin \u00e0 sortir. La neige est poudreuse et n\u00e9cessite les raquettes sinon \u00e7a enfonce ! Puis arriv\u00e9e au lac majestueux. Il n&rsquo;est pas pris par la glace, donc, il faut le contourner pour aller au refuge.<\/p>\n<p>Une partie du groupe d\u00e9cide de rester au barrage tandis que l&rsquo;autre partie va au refuge. Pas facile de traverser le torrent qui descend du lac long sup\u00e9rieur. Heureusement une vieille coul\u00e9e de neige nous aide \u00e0 passer.<\/p>\n<p>Arriv\u00e9e au refuge au grand soleil, la vue est magnifique. Et bizarrement personne ce dimanche sur site. Comme si la montagne avait \u00e9t\u00e9 r\u00e9serv\u00e9e par Terres d&rsquo;\u00e9motions.<\/p>\n<p>Une belle journ\u00e9e au soleil et toujours un splendide panorama<\/p>\n<p>Merci \u00e0 tous pour cette journ\u00e9e excellente<\/p>\n<p>Yohann Accompagnateur Terres d&rsquo;\u00e9motions<\/p>\nngg_shortcode_0_placeholder\n","protected":false},"excerpt":{"rendered":"<p>Pas beaucoup de monde sur le parking \u00ab\u00a0hiver\u00a0\u00bb ce matin. La neige bloque la route nous montons au pont du countet \u00e0 pied. Les nuages bloquent l&rsquo;arriv\u00e9e du soleil, la neige est peu pr\u00e9sente dans le vallon, mais suffit \u00e0 mettre les raquettes au pont du countet. Au moins cela \u00e9vite de glisser sur la glace.<br \/>\nMont\u00e9e tranquille au mur des Italiens, le soleil se d\u00e9cide enfin \u00e0 sortir. La neige est poudreuse et n\u00e9cessite les raquettes sinon \u00e7a enfonce ! Puis arriv\u00e9e au lac majestueux. Il n&rsquo;est pas pris par la glace, donc, il faut le contourner pour aller au refuge.<br \/>\nUne partie du groupe d\u00e9cide de rester au barrage tandis que l&rsquo;autre partie va au refuge. Pas facile de traverser le torrent qui descend du lac long sup\u00e9rieur. Heureusement une vieille coul\u00e9e de neige nous aide \u00e0 passer.<br \/>\nArriv\u00e9e au refuge au grand soleil, la vue est magnifique. Et bizarrement personne ce dimanche sur site. Comme si la montagne avait \u00e9t\u00e9 r\u00e9serv\u00e9e par Terres d&rsquo;\u00e9motions.<br \/>\nUne belle journ\u00e9e au soleil et toujours un splendide panorama<\/p>\n","protected":false},"author":1,"featured_media":15098,"comment_status":"open","ping_status":"open","sticky":false,"template":"","format":"standard","meta":{"_bbp_topic_count":0,"_bbp_reply_count":0,"_bbp_total_topic_count":0,"_bbp_total_reply_count":0,"_bbp_voice_count":0,"_bbp_anonymous_reply_count":0,"_bbp_topic_count_hidden":0,"_bbp_reply_count_hidden":0,"_bbp_forum_subforum_count":0,"content-type":"","_exactmetrics_skip_tracking":false,"_exactmetrics_sitenote_active":false,"_exactmetrics_sitenote_note":"","_exactmetrics_sitenote_category":0,"_monsterinsights_skip_tracking":false,"_monsterinsights_sitenote_active":false,"_monsterinsights_sitenote_note":"","_monsterinsights_sitenote_category":0,"ngg_post_thumbnail":3191,"_price":"","_stock":"","_tribe_ticket_header":"","_tribe_default_ticket_provider":"","_tribe_ticket_capacity":"0","_ticket_start_date":"","_ticket_end_date":"","_tribe_ticket_show_description":"","_tribe_ticket_show_not_going":false,"_tribe_ticket_use_global_stock":"","_tribe_ticket_global_stock_level":"","_global_stock_mode":"","_global_stock_cap":"","_tribe_rsvp_for_event":"","_tribe_ticket_going_count":"","_tribe_ticket_not_going_count":"","_tribe_tickets_list":"[]","_tribe_ticket_has_attendee_info_fields":false,"_jetpack_memberships_contains_paid_content":false,"footnotes":""},"categories":[267,39,7],"tags":[312,474,462,377,803,882],"class_list":["post-15097","post","type-post","status-publish","format-standard","has-post-thumbnail","hentry","category-niveau-2","category-raquettes-a-neige","category-vallee-de-la-vesubie","tag-crete","tag-lac","tag-raquettes","tag-refuge","tag-sommets","tag-vallee"],"jetpack_featured_media_url":"https:\/\/terresdemotions.fr\/wp-content\/uploads\/2024\/01\/IMG_20240114_132435-scaled.jpg","jetpack_sharing_enabled":true,"_links":{"self":[{"href":"https:\/\/terresdemotions.fr\/index.php\/wp-json\/wp\/v2\/posts\/15097","targetHints":{"allow":["GET"]}}],"collection":[{"href":"https:\/\/terresdemotions.fr\/index.php\/wp-json\/wp\/v2\/posts"}],"about":[{"href":"https:\/\/terresdemotions.fr\/index.php\/wp-json\/wp\/v2\/types\/post"}],"author":[{"embeddable":true,"href":"https:\/\/terresdemotions.fr\/index.php\/wp-json\/wp\/v2\/users\/1"}],"replies":[{"embeddable":true,"href":"https:\/\/terresdemotions.fr\/index.php\/wp-json\/wp\/v2\/comments?post=15097"}],"version-history":[{"count":2,"href":"https:\/\/terresdemotions.fr\/index.php\/wp-json\/wp\/v2\/posts\/15097\/revisions"}],"predecessor-version":[{"id":15101,"href":"https:\/\/terresdemotions.fr\/index.php\/wp-json\/wp\/v2\/posts\/15097\/revisions\/15101"}],"wp:featuredmedia":[{"embeddable":true,"href":"https:\/\/terresdemotions.fr\/index.php\/wp-json\/wp\/v2\/media\/15098"}],"wp:attachment":[{"href":"https:\/\/terresdemotions.fr\/index.php\/wp-json\/wp\/v2\/media?parent=15097"}],"wp:term":[{"taxonomy":"category","embeddable":true,"href":"https:\/\/terresdemotions.fr\/index.php\/wp-json\/wp\/v2\/categories?post=15097"},{"taxonomy":"post_tag","embeddable":true,"href":"https:\/\/terresdemotions.fr\/index.php\/wp-json\/wp\/v2\/tags?post=15097"}],"curies":[{"name":"wp","href":"https:\/\/api.w.org\/{rel}","templated":true}]}}