{"id":15116,"date":"2024-01-21T21:34:22","date_gmt":"2024-01-21T20:34:22","guid":{"rendered":"https:\/\/terresdemotions.fr\/?p=15116"},"modified":"2024-09-21T17:54:37","modified_gmt":"2024-09-21T15:54:37","slug":"pic-du-cap-roux-grotte-st-honorat-esterel","status":"publish","type":"post","link":"https:\/\/terresdemotions.fr\/index.php\/2024\/01\/21\/pic-du-cap-roux-grotte-st-honorat-esterel\/","title":{"rendered":"PIc du Cap Roux, Grotte St Honorat -Esterel"},"content":{"rendered":"\n<p>Pour monter au Cap Roux, il existe toujours les m\u00eames sentiers. Alors Terres d&rsquo;\u00e9motions a voulu innover en proposant les sentier annexes, ceux qui sont \u00e0 peine marqu\u00e9s sur la carte mais qui normalement existent.<\/p>\n<p>Donc c&rsquo;est parti ce matin par un sentier pas tr\u00e8s entretenu qui part de la voie ferr\u00e9e et revient sur la voie ferr\u00e9e \u00e0 200 m pr\u00e8s des voitures mais pour 40 minutes de marche !!<\/p>\n<p>On traverse la voie ferr\u00e9e pour remonter un vallon situ\u00e9e sous le col de St Pilon. Puis descente et remont\u00e9e \u00e0 la grotte St Honorat. Une grotte habit\u00e9e au 4eme si\u00e8cle par St Honorat qui viendra \u00e9vang\u00e9liser le pays de Fr\u00e9jus autrefois occup\u00e9 par les Romains. Il fondera plus tard le monast\u00e8re de l&rsquo;ile qui portera son nom. Il finira Ev\u00eaque d&rsquo;Arles. Le monast\u00e8re formera de nombreux \u00e9v\u00eaques qui iront pr\u00each\u00e9 la bonne parole \u00e0 travers l&rsquo;Europe.<\/p>\n<p>Le temps est magnifique, pas de vent. Puis remont\u00e9e au pic du Cap Roux avant de d\u00e9jeuner pour finir la l&rsquo;ascension et profiter du panorama exceptionnel. Une belle vue mer et sur la Corse \u00e0 360\u00b0. Une vue sur les montagnes enneig\u00e9es du Mercantour.<\/p>\n<p>Merci \u00e0 tous pour cette journ\u00e9e excellente<\/p>\n<p>Yohann Accompagnateur Terres d&rsquo;\u00e9motions<\/p>\nngg_shortcode_0_placeholder\n","protected":false},"excerpt":{"rendered":"<p>Pour monter au Cap Roux, il existe toujours les m\u00eames sentiers. Alors Terres d&rsquo;\u00e9motions a voulu innover en proposant les sentier annexes, ceux qui sont \u00e0 peine marqu\u00e9s sur la carte mais qui normalement existent.<br \/>\nDonc c&rsquo;est parti ce matin par un sentier pas tr\u00e8s entretenu qui part de la voie ferr\u00e9e et revient sur la voie ferr\u00e9e \u00e0 200 m pr\u00e8s des voitures mais pour 40 minutes de marche !!<br \/>\nOn traverse la voie ferr\u00e9e pour remonter un vallon situ\u00e9e sous le col de St Pilon. Puis descente et remont\u00e9e \u00e0 la grotte St Honorat. Une grotte habit\u00e9e au 4eme si\u00e8cle par St Honorat qui viendra \u00e9vang\u00e9liser le pays de Fr\u00e9jus autrefois occup\u00e9 par les Romains. Il fondera plus tard le monast\u00e8re de l&rsquo;ile qui portera son nom. Il finira Ev\u00eaques d&rsquo;Arles. Le monast\u00e8re formera de nombreux \u00e9v\u00eaques qui iront pr\u00each\u00e9 la bonne parole \u00e0 travers l&rsquo;Europe.<br \/>\nLe temps est magnifique, pas de vent. Puis remont\u00e9e au pic du Cap Roux avant de d\u00e9jeuner pour finir la l&rsquo;ascension et profiter du panorama exceptionnel. Une belle vue mer et sur la Corse \u00e0 360\u00b0. Une vue sur les montagnes enneig\u00e9es du Mercantour.<\/p>\n","protected":false},"author":1,"featured_media":15117,"comment_status":"open","ping_status":"open","sticky":false,"template":"","format":"standard","meta":{"_bbp_topic_count":0,"_bbp_reply_count":0,"_bbp_total_topic_count":0,"_bbp_total_reply_count":0,"_bbp_voice_count":0,"_bbp_anonymous_reply_count":0,"_bbp_topic_count_hidden":0,"_bbp_reply_count_hidden":0,"_bbp_forum_subforum_count":0,"content-type":"","_exactmetrics_skip_tracking":false,"_exactmetrics_sitenote_active":false,"_exactmetrics_sitenote_note":"","_exactmetrics_sitenote_category":0,"_monsterinsights_skip_tracking":false,"_monsterinsights_sitenote_active":false,"_monsterinsights_sitenote_note":"","_monsterinsights_sitenote_category":0,"ngg_post_thumbnail":3191,"_price":"","_stock":"","_tribe_ticket_header":"","_tribe_default_ticket_provider":"","_tribe_ticket_capacity":"0","_ticket_start_date":"","_ticket_end_date":"","_tribe_ticket_show_description":"","_tribe_ticket_show_not_going":false,"_tribe_ticket_use_global_stock":"","_tribe_ticket_global_stock_level":"","_global_stock_mode":"","_global_stock_cap":"","_tribe_rsvp_for_event":"","_tribe_ticket_going_count":"","_tribe_ticket_not_going_count":"","_tribe_tickets_list":"[]","_tribe_ticket_has_attendee_info_fields":false,"_jetpack_memberships_contains_paid_content":false,"footnotes":""},"categories":[180,267],"tags":[312,803,882],"class_list":["post-15116","post","type-post","status-publish","format-standard","has-post-thumbnail","hentry","category-departements-83-13","category-niveau-2","tag-crete","tag-sommets","tag-vallee"],"jetpack_featured_media_url":"https:\/\/terresdemotions.fr\/wp-content\/uploads\/2024\/01\/DJI_0860-scaled.jpg","jetpack_sharing_enabled":true,"_links":{"self":[{"href":"https:\/\/terresdemotions.fr\/index.php\/wp-json\/wp\/v2\/posts\/15116","targetHints":{"allow":["GET"]}}],"collection":[{"href":"https:\/\/terresdemotions.fr\/index.php\/wp-json\/wp\/v2\/posts"}],"about":[{"href":"https:\/\/terresdemotions.fr\/index.php\/wp-json\/wp\/v2\/types\/post"}],"author":[{"embeddable":true,"href":"https:\/\/terresdemotions.fr\/index.php\/wp-json\/wp\/v2\/users\/1"}],"replies":[{"embeddable":true,"href":"https:\/\/terresdemotions.fr\/index.php\/wp-json\/wp\/v2\/comments?post=15116"}],"version-history":[{"count":4,"href":"https:\/\/terresdemotions.fr\/index.php\/wp-json\/wp\/v2\/posts\/15116\/revisions"}],"predecessor-version":[{"id":15126,"href":"https:\/\/terresdemotions.fr\/index.php\/wp-json\/wp\/v2\/posts\/15116\/revisions\/15126"}],"wp:featuredmedia":[{"embeddable":true,"href":"https:\/\/terresdemotions.fr\/index.php\/wp-json\/wp\/v2\/media\/15117"}],"wp:attachment":[{"href":"https:\/\/terresdemotions.fr\/index.php\/wp-json\/wp\/v2\/media?parent=15116"}],"wp:term":[{"taxonomy":"category","embeddable":true,"href":"https:\/\/terresdemotions.fr\/index.php\/wp-json\/wp\/v2\/categories?post=15116"},{"taxonomy":"post_tag","embeddable":true,"href":"https:\/\/terresdemotions.fr\/index.php\/wp-json\/wp\/v2\/tags?post=15116"}],"curies":[{"name":"wp","href":"https:\/\/api.w.org\/{rel}","templated":true}]}}