{"id":15229,"date":"2024-02-18T22:23:07","date_gmt":"2024-02-18T21:23:07","guid":{"rendered":"https:\/\/terresdemotions.fr\/?p=15229"},"modified":"2024-09-15T22:08:48","modified_gmt":"2024-09-15T20:08:48","slug":"vallon-de-valmasque-casterino","status":"publish","type":"post","link":"https:\/\/terresdemotions.fr\/index.php\/2024\/02\/18\/vallon-de-valmasque-casterino\/","title":{"rendered":"Vallon de Valmasque &#8211; Casterino"},"content":{"rendered":"\n<p>Les derni\u00e8res chutes de neige remontent \u00e0 plus de 10 jours. Les temp\u00e9ratures sont assez cl\u00e9mentes et la neige a d\u00e9j\u00e0 disparu en face sud. Elle reste pr\u00e9sente en face nord \u00e0 partir de 1700 m, mais pour combien de temps ?<\/p>\n<p>Ce dimanche c&rsquo;est l&rsquo;occasion de continuer la raquettes en d\u00e9marrant presque Raquettes au pied, en \u00e9vitant les vall\u00e9es d\u00e9di\u00e9es au ski. Ici \u00e0 Casterino, c&rsquo;est plus tranquille, m\u00eame si le chemin pour y aller est long.<\/p>\n<p>Mont\u00e9e tranquille par le vallon de Valmasque. cela se corse arriv\u00e9 dans les D+250 m avant le refuge. Mais la randonn\u00e9e est longue alors on s&rsquo;arr\u00eate \u00e0 13h sur un plateau non loin du refuge. Le paysage est magnifique et immacul\u00e9.<\/p>\n<p>Nous avons suivi une trace, mais c&rsquo;est comme si nous la faisions, peu de monde \u00e9tant pass\u00e9 dans la semaine. Nous avons fait un peu la trace pour choisir notre chemin. Un soleil g\u00e9n\u00e9reux, une neige de qualit\u00e9, un tr\u00e8s bonne randonn\u00e9e raquettes qu&rsquo;il faut appr\u00e9cier car la neige se fait rare de plus en plus<\/p>\n<p>Yohann Accompagnateur Terres d&rsquo;\u00e9motions<\/p>\n<p><span class=\"x193iq5w xeuugli x13faqbe x1vvkbs x1xmvt09 x1lliihq x1s928wv xhkezso x1gmr53x x1cpjm7i x1fgarty x1943h6x xudqn12 x3x7a5m x6prxxf xvq8zen xo1l8bm xzsf02u x1yc453h\" dir=\"auto\">Ne manquez pas la prochaine et inscrivez vous \u00e0 la newsletter !<\/span><\/p>\n<p>Merci \u00e0 tous pour cette journ\u00e9e excellente<\/p>\n<p>Yohann Accompagnateur Terres d&rsquo;\u00e9motions<\/p>\nngg_shortcode_0_placeholder\n<p>&nbsp;<\/p>\n","protected":false},"excerpt":{"rendered":"<p>Les derni\u00e8res chutes de neige remontent \u00e0 plus de 10 jours. Les temp\u00e9ratures sont assez cl\u00e9mentes et la neige a d\u00e9j\u00e0 disparu en face sud. Elle reste pr\u00e9sente en face nord \u00e0 partir de 1700 m, mais pour combien de temps ? Ce dimanche c&rsquo;est l&rsquo;occasion de continuer la raquettes en d\u00e9marrant presque Raquettes au pied, en \u00e9vitant les vall\u00e9es d\u00e9di\u00e9es au ski. Ici \u00e0 Casterino, c&rsquo;est plus tranquille, m\u00eame si le chemin pour y aller est long.<br \/>\nMont\u00e9e tranquille par le vallon de Valmasque. cela se corse arriv\u00e9 dans les D+250 m avant le refuge. Mais la randonn\u00e9e est longue alors on s&rsquo;arr\u00eate \u00e0 13h sur un plateau non loin du refuge. Le paysage est magnifique et immacul\u00e9. Nous avons suivi une trace, mais c&rsquo;est comme si nous la faisions, peu de monde \u00e9tant pass\u00e9 dans la semaine. Nous avons fait un peu la trace pour choisir notre chemin. Un soleil g\u00e9n\u00e9reux, une neige de qualit\u00e9, un tr\u00e8s bonne randonn\u00e9e raquettes qu&rsquo;il faut appr\u00e9cier car la neige se fait rare de plus en plus<\/p>\n<p>Ne manquez pas la prochaine et inscrivez vous \u00e0 la newsletter !<\/p>\n","protected":false},"author":1,"featured_media":15240,"comment_status":"open","ping_status":"open","sticky":false,"template":"","format":"standard","meta":{"_bbp_topic_count":0,"_bbp_reply_count":0,"_bbp_total_topic_count":0,"_bbp_total_reply_count":0,"_bbp_voice_count":0,"_bbp_anonymous_reply_count":0,"_bbp_topic_count_hidden":0,"_bbp_reply_count_hidden":0,"_bbp_forum_subforum_count":0,"content-type":"","_exactmetrics_skip_tracking":false,"_exactmetrics_sitenote_active":false,"_exactmetrics_sitenote_note":"","_exactmetrics_sitenote_category":0,"_monsterinsights_skip_tracking":false,"_monsterinsights_sitenote_active":false,"_monsterinsights_sitenote_note":"","_monsterinsights_sitenote_category":0,"ngg_post_thumbnail":3191,"_price":"","_stock":"","_tribe_ticket_header":"","_tribe_default_ticket_provider":"","_tribe_ticket_capacity":"0","_ticket_start_date":"","_ticket_end_date":"","_tribe_ticket_show_description":"","_tribe_ticket_show_not_going":false,"_tribe_ticket_use_global_stock":"","_tribe_ticket_global_stock_level":"","_global_stock_mode":"","_global_stock_cap":"","_tribe_rsvp_for_event":"","_tribe_ticket_going_count":"","_tribe_ticket_not_going_count":"","_tribe_tickets_list":"[]","_tribe_ticket_has_attendee_info_fields":false,"_jetpack_memberships_contains_paid_content":false,"footnotes":""},"categories":[268,39,9],"tags":[312,463,462,803,882],"class_list":["post-15229","post","type-post","status-publish","format-standard","has-post-thumbnail","hentry","category-niveau-3","category-raquettes-a-neige","category-vallee-de-la-roya","tag-crete","tag-neige","tag-raquettes","tag-sommets","tag-vallee"],"jetpack_featured_media_url":"https:\/\/terresdemotions.fr\/wp-content\/uploads\/2024\/02\/nggallery_import\/2-IMG_20240218_140513.jpg","jetpack_sharing_enabled":true,"_links":{"self":[{"href":"https:\/\/terresdemotions.fr\/index.php\/wp-json\/wp\/v2\/posts\/15229","targetHints":{"allow":["GET"]}}],"collection":[{"href":"https:\/\/terresdemotions.fr\/index.php\/wp-json\/wp\/v2\/posts"}],"about":[{"href":"https:\/\/terresdemotions.fr\/index.php\/wp-json\/wp\/v2\/types\/post"}],"author":[{"embeddable":true,"href":"https:\/\/terresdemotions.fr\/index.php\/wp-json\/wp\/v2\/users\/1"}],"replies":[{"embeddable":true,"href":"https:\/\/terresdemotions.fr\/index.php\/wp-json\/wp\/v2\/comments?post=15229"}],"version-history":[{"count":3,"href":"https:\/\/terresdemotions.fr\/index.php\/wp-json\/wp\/v2\/posts\/15229\/revisions"}],"predecessor-version":[{"id":15243,"href":"https:\/\/terresdemotions.fr\/index.php\/wp-json\/wp\/v2\/posts\/15229\/revisions\/15243"}],"wp:featuredmedia":[{"embeddable":true,"href":"https:\/\/terresdemotions.fr\/index.php\/wp-json\/wp\/v2\/media\/15240"}],"wp:attachment":[{"href":"https:\/\/terresdemotions.fr\/index.php\/wp-json\/wp\/v2\/media?parent=15229"}],"wp:term":[{"taxonomy":"category","embeddable":true,"href":"https:\/\/terresdemotions.fr\/index.php\/wp-json\/wp\/v2\/categories?post=15229"},{"taxonomy":"post_tag","embeddable":true,"href":"https:\/\/terresdemotions.fr\/index.php\/wp-json\/wp\/v2\/tags?post=15229"}],"curies":[{"name":"wp","href":"https:\/\/api.w.org\/{rel}","templated":true}]}}