{"id":15297,"date":"2024-03-17T22:58:32","date_gmt":"2024-03-17T21:58:32","guid":{"rendered":"https:\/\/terresdemotions.fr\/?p=15297"},"modified":"2024-09-15T22:09:43","modified_gmt":"2024-09-15T20:09:43","slug":"les-cretes-du-cheiron-greolieres","status":"publish","type":"post","link":"https:\/\/terresdemotions.fr\/index.php\/2024\/03\/17\/les-cretes-du-cheiron-greolieres\/","title":{"rendered":"Les cr\u00eates du cheiron -Gr\u00e9oli\u00e8res"},"content":{"rendered":"\n<p>Nouvelle randonn\u00e9e raquettes de cette saison d&rsquo;hiver 2024, qui touche \u00e0 sa fin, le printemps pointant le bout de son nez la semaine prochaine.<\/p>\n<p>La neige tomb\u00e9e en abondance la semaine pass\u00e9e avec plus de 1m50 par endroit offre une exp\u00e9rience devenue rare dans les pr\u00e9alpes de Grasse. Une mont\u00e9e tranquille sur les pentes du cheiron dans une neige abondante mais commen\u00e7ant \u00e0 montre des signes de \u00ab\u00a0fatigue\u00a0\u00bb.<\/p>\n<p>Une belle vue, une fois arriv\u00e9s sur la ligne de cr\u00eate sur la vall\u00e9e du loup et au nord tous les massifs du Mercantour du haut Verdon \u00e0 la haute Roya. Une belle vue de profil avec tous les sommets laissent entrevoir les nombreuses vall\u00e9es.<\/p>\n<p>D\u00e9jeuner au sommet face \u00e0 une vue imprenable. Une belle sortie dans les partie les plus \u00e0 l&rsquo;ouest de la station et restant tr\u00e8s sauvages. Quelques vautours dans le ciel.<\/p>\n<p>Un groupe de qualit\u00e9, un bon \u00e9tat d&rsquo;esprit,de partage et de convivialit\u00e9 qui se termine par un verre de l&rsquo;amiti\u00e9 au soleil !<\/p>\n<p>Yohann Accompagnateur Terres d&rsquo;\u00e9motions<\/p>\n<p><span class=\"x193iq5w xeuugli x13faqbe x1vvkbs x1xmvt09 x1lliihq x1s928wv xhkezso x1gmr53x x1cpjm7i x1fgarty x1943h6x xudqn12 x3x7a5m x6prxxf xvq8zen xo1l8bm xzsf02u x1yc453h\" dir=\"auto\">Ne manquez pas la prochaine et inscrivez vous \u00e0 la newsletter !<\/span><\/p>\n<p>Merci \u00e0 tous pour cette journ\u00e9e excellente<\/p>\n<p>Yohann Accompagnateur Terres d&rsquo;\u00e9motions<\/p>\nngg_shortcode_0_placeholder\n<p>&nbsp;<\/p>\n","protected":false},"excerpt":{"rendered":"<p>Nouvelle randonn\u00e9e raquettes de cette saison d&rsquo;hiver 2024, qui touche \u00e0 sa fin, le printemps pointant le bout de son nez la semaine prochaine. La neige tomb\u00e9e en abondance la semaine pass\u00e9e avec plus de 1m50 par endroit offre une exp\u00e9rience devenue rare dans les pr\u00e9alpes de Grasse. Une mont\u00e9e tranquille sur les pentes du cheiron dans une neige abondante mais commen\u00e7ant \u00e0 montre des signes de \u00ab\u00a0fatigue\u00a0\u00bb. Une belle vue, une fois arriv\u00e9s sur la ligne de cr\u00eate sur la vall\u00e9e du loup et au nord tous les massifs du Mercantour du haut Verdon \u00e0 la haute Roya. Une belle vue de profil avec tous les sommets laissent entrevoir les nombreuses vall\u00e9es. D\u00e9jeuner au sommet face \u00e0 une vue imprenable. Une belle sortie dans les partie les plus \u00e0 l&rsquo;ouest de la station et restant tr\u00e8s sauvages. Quelques vautours dans le ciel.Un groupe de qualit\u00e9, un bon \u00e9tat d&rsquo;esprit,de partage et de convivialit\u00e9 qui se termine par un verre de l&rsquo;amiti\u00e9 au soleil !<\/p>\n","protected":false},"author":1,"featured_media":15298,"comment_status":"open","ping_status":"open","sticky":false,"template":"","format":"standard","meta":{"_bbp_topic_count":0,"_bbp_reply_count":0,"_bbp_total_topic_count":0,"_bbp_total_reply_count":0,"_bbp_voice_count":0,"_bbp_anonymous_reply_count":0,"_bbp_topic_count_hidden":0,"_bbp_reply_count_hidden":0,"_bbp_forum_subforum_count":0,"content-type":"","_exactmetrics_skip_tracking":false,"_exactmetrics_sitenote_active":false,"_exactmetrics_sitenote_note":"","_exactmetrics_sitenote_category":0,"_monsterinsights_skip_tracking":false,"_monsterinsights_sitenote_active":false,"_monsterinsights_sitenote_note":"","_monsterinsights_sitenote_category":0,"ngg_post_thumbnail":3191,"_price":"","_stock":"","_tribe_ticket_header":"","_tribe_default_ticket_provider":"","_tribe_ticket_capacity":"0","_ticket_start_date":"","_ticket_end_date":"","_tribe_ticket_show_description":"","_tribe_ticket_show_not_going":false,"_tribe_ticket_use_global_stock":"","_tribe_ticket_global_stock_level":"","_global_stock_mode":"","_global_stock_cap":"","_tribe_rsvp_for_event":"","_tribe_ticket_going_count":"","_tribe_ticket_not_going_count":"","_tribe_tickets_list":"[]","_tribe_ticket_has_attendee_info_fields":false,"_jetpack_memberships_contains_paid_content":false,"footnotes":""},"categories":[268,39,10],"tags":[312,463,462,803,882],"class_list":["post-15297","post","type-post","status-publish","format-standard","has-post-thumbnail","hentry","category-niveau-3","category-raquettes-a-neige","category-vallee-du-loup","tag-crete","tag-neige","tag-raquettes","tag-sommets","tag-vallee"],"jetpack_featured_media_url":"https:\/\/terresdemotions.fr\/wp-content\/uploads\/2024\/03\/DJI_0009-scaled.jpg","jetpack_sharing_enabled":true,"_links":{"self":[{"href":"https:\/\/terresdemotions.fr\/index.php\/wp-json\/wp\/v2\/posts\/15297","targetHints":{"allow":["GET"]}}],"collection":[{"href":"https:\/\/terresdemotions.fr\/index.php\/wp-json\/wp\/v2\/posts"}],"about":[{"href":"https:\/\/terresdemotions.fr\/index.php\/wp-json\/wp\/v2\/types\/post"}],"author":[{"embeddable":true,"href":"https:\/\/terresdemotions.fr\/index.php\/wp-json\/wp\/v2\/users\/1"}],"replies":[{"embeddable":true,"href":"https:\/\/terresdemotions.fr\/index.php\/wp-json\/wp\/v2\/comments?post=15297"}],"version-history":[{"count":2,"href":"https:\/\/terresdemotions.fr\/index.php\/wp-json\/wp\/v2\/posts\/15297\/revisions"}],"predecessor-version":[{"id":15311,"href":"https:\/\/terresdemotions.fr\/index.php\/wp-json\/wp\/v2\/posts\/15297\/revisions\/15311"}],"wp:featuredmedia":[{"embeddable":true,"href":"https:\/\/terresdemotions.fr\/index.php\/wp-json\/wp\/v2\/media\/15298"}],"wp:attachment":[{"href":"https:\/\/terresdemotions.fr\/index.php\/wp-json\/wp\/v2\/media?parent=15297"}],"wp:term":[{"taxonomy":"category","embeddable":true,"href":"https:\/\/terresdemotions.fr\/index.php\/wp-json\/wp\/v2\/categories?post=15297"},{"taxonomy":"post_tag","embeddable":true,"href":"https:\/\/terresdemotions.fr\/index.php\/wp-json\/wp\/v2\/tags?post=15297"}],"curies":[{"name":"wp","href":"https:\/\/api.w.org\/{rel}","templated":true}]}}