{"id":15330,"date":"2024-04-01T22:00:40","date_gmt":"2024-04-01T20:00:40","guid":{"rendered":"https:\/\/terresdemotions.fr\/?p=15330"},"modified":"2024-09-21T17:52:58","modified_gmt":"2024-09-21T15:52:58","slug":"we-refuge-de-gialorgues-entre-tinee-et-var","status":"publish","type":"post","link":"https:\/\/terresdemotions.fr\/index.php\/2024\/04\/01\/we-refuge-de-gialorgues-entre-tinee-et-var\/","title":{"rendered":"WE refuge de Gialorgues -entre Tin\u00e9e et Var"},"content":{"rendered":"\n<p>WE exceptionnel aux refuge de Gialorgues, in\u00e9dit et li\u00e9 \u00e0 une replanification audacieuse.<\/p>\n<p>Et pourtant un impr\u00e9vu vient ternir le programme d\u00e8s le d\u00e9but du WE : un \u00e9boulement dans la vall\u00e9e de la Tin\u00e9e. Impossible de rejoindre St Dalmas le Selvage. Obligation de partir sur Estenc. Apr\u00e8s avoir r\u00e9cup\u00e9r\u00e9 les clefs du refuge, la deuxi\u00e8me difficult\u00e9 est de monter du bois pour esp\u00e9rer allumer le po\u00eale pour pouvoir se r\u00e9chauffer. C&rsquo;est donc armer de 2-3 b\u00fbches par personne que nous entamons la mont\u00e9e.<\/p>\n<p>Une mont\u00e9e beaucoup plus pentues au d\u00e9but c\u00f4t\u00e9 Var que c\u00f4t\u00e9 Tin\u00e9e. Le d\u00e9part se fait relativement tard, le parcours est long , mais la pente du d\u00e9but fatigue les organisme . Heureusement qu&rsquo;au bout du 1er tiers du parcours la pente s\u2019adoucie, le vallon s&rsquo;\u00e9largit pour laisser d\u00e9couvrir le col de Gialorgues et les sommets alentours.<\/p>\n<p>De belles pentes enneig\u00e9es de plus de 2 m de neige. Le soleil nous r\u00e9chauffe. Au col , nous passons \u00e0 l&rsquo;est et le soleil disparait peu \u00e0 peu.&nbsp; Il reste une heure de marche pour descendre au refuge.<\/p>\n<p>D\u00e9charg\u00e9 du bois des sacs \u00e0 dos, le po\u00eale est aussit\u00f4t rempli pour r\u00e9chauffer l&rsquo;atmosph\u00e8re. Une chaleur salutaire qui nous aidera \u00e0 passer une super soir\u00e9e au diner et une nuit au chaud sous les couvertures. Dans la nuit le vent se l\u00e8ve, le feu s&rsquo;\u00e9teint peu \u00e0 peu. Au petit matin, le po\u00eale est recharg\u00e9 pour aider \u00e0 prendre le pdj dans de bonnes conditions.<\/p>\n<p>Le soleil est toujours pr\u00e9sent le lendemain. C&rsquo;est reparti pour une remont\u00e9e du col de Gialorgues avec des sacs \u00e0 dos tr\u00e8s all\u00e9g\u00e9s (b\u00fbches et nourriture en moins) , puis une visite des lacs enneig\u00e9s de l&rsquo;estrop avant de descendre sur Las Sagnos, une plaine inond\u00e9e l&rsquo;\u00e9t\u00e9, ici recouverte de neige. Une descente dans un vallon magnifique, tr\u00e8s agr\u00e9able pour naviguer dans une neige dure mais agr\u00e9able \u00e0 marcher.<\/p>\n<p>Le d\u00e9jeuner est pris derri\u00e8re un \u00e9norme bloc \u00e0 l&rsquo;abri du vent. Retour aux voitures dans l&rsquo;apr\u00e8s midi<\/p>\n<p>Un bon WE in\u00e9dit pour le groupe qui a bien appr\u00e9hender le d\u00e9fi qui a d\u00fb \u00eatre surmonter. Une bonne ambiance tout au long du s\u00e9jour<\/p>\n<p><span class=\"x193iq5w xeuugli x13faqbe x1vvkbs x1xmvt09 x1lliihq x1s928wv xhkezso x1gmr53x x1cpjm7i x1fgarty x1943h6x xudqn12 x3x7a5m x6prxxf xvq8zen xo1l8bm xzsf02u x1yc453h\" dir=\"auto\">Ne manquez pas les prochains et inscrivez vous \u00e0 la newsletter !<\/span><\/p>\n<p>Merci \u00e0 tous pour cet excellent WE et votre confiance<\/p>\n<p>Yohann Accompagnateur Terres d&rsquo;\u00e9motions<\/p>\nngg_shortcode_0_placeholder\n<p>&nbsp;<\/p>\n","protected":false},"excerpt":{"rendered":"<p>WE exceptionnel aux refuge de Gialorgues, in\u00e9dit et li\u00e9 \u00e0 une replanification audacieuse.<\/p>\n<p>Et pourtant un impr\u00e9vu vient ternir le programme d\u00e8s le d\u00e9but du WE : un \u00e9boulement dans la vall\u00e9e de la Tin\u00e9e. Impossible de rejoindre St Dalmas le Selvage. Obligation de partir sur Estenc. Apr\u00e8s avoir r\u00e9cup\u00e9r\u00e9 les clefs du refuge, la deuxi\u00e8me difficult\u00e9 est de monter du bois pour esp\u00e9rer allumer le po\u00eale pour pouvoir se r\u00e9chauffer. C&rsquo;est donc armer de 2-3 b\u00fbches par personne que nous entamons la mont\u00e9e.<\/p>\n","protected":false},"author":1,"featured_media":15331,"comment_status":"open","ping_status":"open","sticky":false,"template":"","format":"standard","meta":{"_bbp_topic_count":0,"_bbp_reply_count":0,"_bbp_total_topic_count":0,"_bbp_total_reply_count":0,"_bbp_voice_count":0,"_bbp_anonymous_reply_count":0,"_bbp_topic_count_hidden":0,"_bbp_reply_count_hidden":0,"_bbp_forum_subforum_count":0,"content-type":"","_exactmetrics_skip_tracking":false,"_exactmetrics_sitenote_active":false,"_exactmetrics_sitenote_note":"","_exactmetrics_sitenote_category":0,"_monsterinsights_skip_tracking":false,"_monsterinsights_sitenote_active":false,"_monsterinsights_sitenote_note":"","_monsterinsights_sitenote_category":0,"ngg_post_thumbnail":3191,"_price":"","_stock":"","_tribe_ticket_header":"","_tribe_default_ticket_provider":"","_tribe_ticket_capacity":"0","_ticket_start_date":"","_ticket_end_date":"","_tribe_ticket_show_description":"","_tribe_ticket_show_not_going":false,"_tribe_ticket_use_global_stock":"","_tribe_ticket_global_stock_level":"","_global_stock_mode":"","_global_stock_cap":"","_tribe_rsvp_for_event":"","_tribe_ticket_going_count":"","_tribe_ticket_not_going_count":"","_tribe_tickets_list":"[]","_tribe_ticket_has_attendee_info_fields":false,"_jetpack_memberships_contains_paid_content":false,"footnotes":""},"categories":[3,268,40,39,539,1],"tags":[312,463,462,803,882],"class_list":["post-15330","post","type-post","status-publish","format-standard","has-post-thumbnail","hentry","category-haute-vallee-du-var","category-niveau-3","category-sejours-randonnees","category-raquettes-a-neige","category-sejours-a-laffiche","category-vallee-du-var","tag-crete","tag-neige","tag-raquettes","tag-sommets","tag-vallee"],"jetpack_featured_media_url":"https:\/\/terresdemotions.fr\/wp-content\/uploads\/2024\/04\/IMG_20240324_091146-scaled.jpg","jetpack_sharing_enabled":true,"_links":{"self":[{"href":"https:\/\/terresdemotions.fr\/index.php\/wp-json\/wp\/v2\/posts\/15330","targetHints":{"allow":["GET"]}}],"collection":[{"href":"https:\/\/terresdemotions.fr\/index.php\/wp-json\/wp\/v2\/posts"}],"about":[{"href":"https:\/\/terresdemotions.fr\/index.php\/wp-json\/wp\/v2\/types\/post"}],"author":[{"embeddable":true,"href":"https:\/\/terresdemotions.fr\/index.php\/wp-json\/wp\/v2\/users\/1"}],"replies":[{"embeddable":true,"href":"https:\/\/terresdemotions.fr\/index.php\/wp-json\/wp\/v2\/comments?post=15330"}],"version-history":[{"count":2,"href":"https:\/\/terresdemotions.fr\/index.php\/wp-json\/wp\/v2\/posts\/15330\/revisions"}],"predecessor-version":[{"id":15344,"href":"https:\/\/terresdemotions.fr\/index.php\/wp-json\/wp\/v2\/posts\/15330\/revisions\/15344"}],"wp:featuredmedia":[{"embeddable":true,"href":"https:\/\/terresdemotions.fr\/index.php\/wp-json\/wp\/v2\/media\/15331"}],"wp:attachment":[{"href":"https:\/\/terresdemotions.fr\/index.php\/wp-json\/wp\/v2\/media?parent=15330"}],"wp:term":[{"taxonomy":"category","embeddable":true,"href":"https:\/\/terresdemotions.fr\/index.php\/wp-json\/wp\/v2\/categories?post=15330"},{"taxonomy":"post_tag","embeddable":true,"href":"https:\/\/terresdemotions.fr\/index.php\/wp-json\/wp\/v2\/tags?post=15330"}],"curies":[{"name":"wp","href":"https:\/\/api.w.org\/{rel}","templated":true}]}}