{"id":15457,"date":"2024-05-26T23:13:32","date_gmt":"2024-05-26T21:13:32","guid":{"rendered":"https:\/\/terresdemotions.fr\/?p=15457"},"modified":"2024-09-15T22:10:14","modified_gmt":"2024-09-15T20:10:14","slug":"plateau-de-longon-porte-du-mercantour","status":"publish","type":"post","link":"https:\/\/terresdemotions.fr\/index.php\/2024\/05\/26\/plateau-de-longon-porte-du-mercantour\/","title":{"rendered":"Plateau de Longon, Porte du Mercantour"},"content":{"rendered":"\n<p>La neige reste encore pr\u00e9sente en altitude, et s&rsquo;efface peu \u00e0 peu en moyenne montagne. La nature revit lentement et c&rsquo;est d\u00e9j\u00e0 les nouvelles fleurs de printemps qui resurgissent. C&rsquo;est donc les crocus, la fritillaire, la gag\u00e9e, la saxifrage,&nbsp; et bien d&rsquo;autres fleurs qui auront \u00e9t\u00e9 aper\u00e7us aujourd\u2019hui.<\/p>\n<p>Le sentier monte rapidement au plateau de longon en passant par la magnifique cascade aux eaux tumultueuses dont la fonte en est responsable. La rivi\u00e8re \u00e0 sec l&rsquo;\u00e9t\u00e9 d\u00e9borde par endroit. Le plateau est sous les eaux.<\/p>\n<p>Le d\u00e9jeuner est pris \u00e0 la bergerie, quand soudain nous remarquons au loin une harde de cerfs et biches (environ 40 individus), les jumelles aidant ! et c&rsquo;est aussi une 20 aine de marmottes et des chamois qui auront \u00e9t\u00e9 aper\u00e7us gambadant partout dans la montagne.<\/p>\n<p>Par dessus la ligne de cr\u00eate, le hameau de vignols&nbsp; et le mounier dans toute sa splendeur. Une belle journ\u00e9e agr\u00e9able au soleil, des animaux \u00e0 foison et une flore magnifique. Un beau cocktail pour passer une bonne journ\u00e9e en compagnie d&rsquo;un super groupe !<\/p>\n<p><span class=\"x193iq5w xeuugli x13faqbe x1vvkbs x1xmvt09 x1lliihq x1s928wv xhkezso x1gmr53x x1cpjm7i x1fgarty x1943h6x xudqn12 x3x7a5m x6prxxf xvq8zen xo1l8bm xzsf02u x1yc453h\" dir=\"auto\">Ne manquez pas les prochains et inscrivez vous \u00e0 la newsletter !<\/span><\/p>\n<p>Yohann Accompagnateur Terres d&rsquo;\u00e9motions<\/p>\nngg_shortcode_0_placeholder\n<p>&nbsp;<\/p>\n","protected":false},"excerpt":{"rendered":"<p>La neige reste encore pr\u00e9sente en altitude, et s&rsquo;efface peu \u00e0 peu en moyenne montagne. La nature revit lentement et c&rsquo;est d\u00e9j\u00e0 les nouvelles fleurs de printemps qui resurgissent. C&rsquo;est donc les crocus, la fritillaire, la gag\u00e9e, la saxifrage,\u00a0 et bien d&rsquo;autres fleurs qui auront \u00e9t\u00e9 aper\u00e7us aujourd\u2019hui. Le sentier monte rapidement au plateau de longon en passant par la magnifique cascade aux eaux tumultueuses dont la fonte en est responsable. La rivi\u00e8re \u00e0 sec l&rsquo;\u00e9t\u00e9 d\u00e9borde par endroit. Le plateau est sous les eaux. Le d\u00e9jeuner est pris \u00e0 la bergerie, quand soudain nous remarquons au loin une harde de cerfs et biches (environ 40 individus), les jumelles aidant ! et c&rsquo;est aussi une 20 aine de marmottes et des chamois qui auront \u00e9t\u00e9 aper\u00e7us gambadant partout dans la montagne.Par dessus la ligne de cr\u00eate, le hameau de vignols\u00a0 et le mounier dans toute sa splendeur. Une belle journ\u00e9e agr\u00e9able au soleil, des animaux \u00e0 foison et une flore magnifique. Un beau cocktail pour passer une bonne journ\u00e9e en compagnie d&rsquo;un super groupe !<\/p>\n","protected":false},"author":1,"featured_media":15458,"comment_status":"open","ping_status":"open","sticky":false,"template":"","format":"standard","meta":{"_bbp_topic_count":0,"_bbp_reply_count":0,"_bbp_total_topic_count":0,"_bbp_total_reply_count":0,"_bbp_voice_count":0,"_bbp_anonymous_reply_count":0,"_bbp_topic_count_hidden":0,"_bbp_reply_count_hidden":0,"_bbp_forum_subforum_count":0,"content-type":"","_exactmetrics_skip_tracking":false,"_exactmetrics_sitenote_active":false,"_exactmetrics_sitenote_note":"","_exactmetrics_sitenote_category":0,"_monsterinsights_skip_tracking":false,"_monsterinsights_sitenote_active":false,"_monsterinsights_sitenote_note":"","_monsterinsights_sitenote_category":0,"ngg_post_thumbnail":3191,"_price":"","_stock":"","_tribe_ticket_header":"","_tribe_default_ticket_provider":"","_tribe_ticket_capacity":"0","_ticket_start_date":"","_ticket_end_date":"","_tribe_ticket_show_description":"","_tribe_ticket_show_not_going":false,"_tribe_ticket_use_global_stock":"","_tribe_ticket_global_stock_level":"","_global_stock_mode":"","_global_stock_cap":"","_tribe_rsvp_for_event":"","_tribe_ticket_going_count":"","_tribe_ticket_not_going_count":"","_tribe_tickets_list":"[]","_tribe_ticket_has_attendee_info_fields":false,"_jetpack_memberships_contains_paid_content":false,"footnotes":""},"categories":[267,4],"tags":[312,803,882],"class_list":["post-15457","post","type-post","status-publish","format-standard","has-post-thumbnail","hentry","category-niveau-2","category-vallee-de-latinee","tag-crete","tag-sommets","tag-vallee"],"jetpack_featured_media_url":"https:\/\/terresdemotions.fr\/wp-content\/uploads\/2024\/05\/IMG_20240526_115525-scaled.jpg","jetpack_sharing_enabled":true,"_links":{"self":[{"href":"https:\/\/terresdemotions.fr\/index.php\/wp-json\/wp\/v2\/posts\/15457","targetHints":{"allow":["GET"]}}],"collection":[{"href":"https:\/\/terresdemotions.fr\/index.php\/wp-json\/wp\/v2\/posts"}],"about":[{"href":"https:\/\/terresdemotions.fr\/index.php\/wp-json\/wp\/v2\/types\/post"}],"author":[{"embeddable":true,"href":"https:\/\/terresdemotions.fr\/index.php\/wp-json\/wp\/v2\/users\/1"}],"replies":[{"embeddable":true,"href":"https:\/\/terresdemotions.fr\/index.php\/wp-json\/wp\/v2\/comments?post=15457"}],"version-history":[{"count":2,"href":"https:\/\/terresdemotions.fr\/index.php\/wp-json\/wp\/v2\/posts\/15457\/revisions"}],"predecessor-version":[{"id":15464,"href":"https:\/\/terresdemotions.fr\/index.php\/wp-json\/wp\/v2\/posts\/15457\/revisions\/15464"}],"wp:featuredmedia":[{"embeddable":true,"href":"https:\/\/terresdemotions.fr\/index.php\/wp-json\/wp\/v2\/media\/15458"}],"wp:attachment":[{"href":"https:\/\/terresdemotions.fr\/index.php\/wp-json\/wp\/v2\/media?parent=15457"}],"wp:term":[{"taxonomy":"category","embeddable":true,"href":"https:\/\/terresdemotions.fr\/index.php\/wp-json\/wp\/v2\/categories?post=15457"},{"taxonomy":"post_tag","embeddable":true,"href":"https:\/\/terresdemotions.fr\/index.php\/wp-json\/wp\/v2\/tags?post=15457"}],"curies":[{"name":"wp","href":"https:\/\/api.w.org\/{rel}","templated":true}]}}