{"id":15569,"date":"2024-08-20T23:23:43","date_gmt":"2024-08-20T21:23:43","guid":{"rendered":"https:\/\/terresdemotions.fr\/?p=15569"},"modified":"2025-06-02T22:21:53","modified_gmt":"2025-06-02T20:21:53","slug":"trek-tour-vallee-des-merveilles","status":"publish","type":"post","link":"https:\/\/terresdemotions.fr\/index.php\/2024\/08\/20\/trek-tour-vallee-des-merveilles\/","title":{"rendered":"Trek Tour vall\u00e9e des Merveilles 28-30 mai 2024"},"content":{"rendered":"\n<p><span class=\"x193iq5w xeuugli x13faqbe x1vvkbs x1xmvt09 x1lliihq x1s928wv xhkezso x1gmr53x x1cpjm7i x1fgarty x1943h6x xudqn12 x3x7a5m x6prxxf xvq8zen xo1l8bm xzsf02u x1yc453h\" dir=\"auto\">Le printemps s&rsquo;installe dans les montagnes,&nbsp; les derniers n\u00e9v\u00e9s r\u00e9sistent et la flore des hautes altitudes pointe le bout de son nez. <\/span><\/p>\n<p><span class=\"x193iq5w xeuugli x13faqbe x1vvkbs x1xmvt09 x1lliihq x1s928wv xhkezso x1gmr53x x1cpjm7i x1fgarty x1943h6x xudqn12 x3x7a5m x6prxxf xvq8zen xo1l8bm xzsf02u x1yc453h\" dir=\"auto\">Au d\u00e9part du relais des merveilles, le pas du trem nous accueille avec un dernier n\u00e9v\u00e9 en pente raide. Un l\u00e9ger contournement pour descendre dans la vall\u00e9e et rejoindre le lac Fourcat pour une baignade dans une eau turquoise. <\/span><\/p>\n<p><span class=\"x193iq5w xeuugli x13faqbe x1vvkbs x1xmvt09 x1lliihq x1s928wv xhkezso x1gmr53x x1cpjm7i x1fgarty x1943h6x xudqn12 x3x7a5m x6prxxf xvq8zen xo1l8bm xzsf02u x1yc453h\" dir=\"auto\">Moment de repos au refuge au milieu des chamois et des gravures qui nous attendent le lendemain. Le temps nous jour des tours et la mont\u00e9e au premi\u00e8res gravures se passent dans un petit crachin. Les gravures s&rsquo;estompent le temps que l&rsquo;eau recouvrent enti\u00e8rement les roches et c&rsquo;est de mani\u00e8re fascinante que les gravures apparaissent encore plus en relief. <\/span><\/p>\n<p><span class=\"x193iq5w xeuugli x13faqbe x1vvkbs x1xmvt09 x1lliihq x1s928wv xhkezso x1gmr53x x1cpjm7i x1fgarty x1943h6x xudqn12 x3x7a5m x6prxxf xvq8zen xo1l8bm xzsf02u x1yc453h\" dir=\"auto\">Le parcours hors sentier ira vers les gravures les plus embl\u00e9matiques de la vall\u00e9e. Retour au refuge pour une deuxi\u00e8me nuit, le temps s&rsquo;\u00e9claircit. <\/span><\/p>\n<p><span class=\"x193iq5w xeuugli x13faqbe x1vvkbs x1xmvt09 x1lliihq x1s928wv xhkezso x1gmr53x x1cpjm7i x1fgarty x1943h6x xudqn12 x3x7a5m x6prxxf xvq8zen xo1l8bm xzsf02u x1yc453h\" dir=\"auto\">Retour par le pas de l&rsquo;arpette dans un soleil magnifique au milieu des chamois.<br><\/span><\/p>\n<p>Un s\u00e9jour en douceur pour profiter pleinement du lieu et surtout aborder sereinement les d\u00e9nivel\u00e9es pour ensuite contempler les gravures sans contraintes.<\/p>\n<p><span class=\"x193iq5w xeuugli x13faqbe x1vvkbs x1xmvt09 x1lliihq x1s928wv xhkezso x1gmr53x x1cpjm7i x1fgarty x1943h6x xudqn12 x3x7a5m x6prxxf xvq8zen xo1l8bm xzsf02u x1yc453h\" dir=\"auto\">&nbsp;<\/span><\/p>\n<p><span class=\"x193iq5w xeuugli x13faqbe x1vvkbs x1xmvt09 x1lliihq x1s928wv xhkezso x1gmr53x x1cpjm7i x1fgarty x1943h6x xudqn12 x3x7a5m x6prxxf xvq8zen xo1l8bm xzsf02u x1yc453h\" dir=\"auto\">Si vous aussi vous souhaitez participer \u00e0 un s\u00e9jour, abonnez vous gratuitement \u00e0 la newsletter sur <span class=\"html-span xdj266r x11i5rnm xat24cr x1mh8g0r xexx8yu x4uap5 x18d9i69 xkhd6sd x1hl2dhg x16tdsg8 x1vvkbs\"><a class=\"x1i10hfl xjbqb8w x1ejq31n xd10rxx x1sy0etr x17r0tee x972fbf xcfux6l x1qhh985 xm0m39n x9f619 x1ypdohk xt0psk2 xe8uvvx xdj266r x11i5rnm xat24cr x1mh8g0r xexx8yu x4uap5 x18d9i69 xkhd6sd x16tdsg8 x1hl2dhg xggy1nq x1a2a7pz x1sur9pj xkrqix3 x1fey0fg\" tabindex=\"0\" role=\"link\" href=\"https:\/\/l.facebook.com\/l.php?u=http%3A%2F%2Fterresdemotions.fr%2F%3Ffbclid%3DIwZXh0bgNhZW0CMTAAAR3DHwm1w8QdlQcEGIVtSnOW51AY_uGy9uF_Q4-0YFAZp5-amfC6KOirwNg_aem_UUM1iHu34UFeBtEF3k6kMA&amp;h=AT3zWDYrZNwf1JApidJggbqkgeOzvX2umeVA579_mcFI0JUJef1gyKFOF5Zt6J02vJkdvxOIA8VtqwIk21FwkEPqqtvzLRYv9bul2NgezlzglN_RUJss4wCE4TzscqXH-jzN_0uF8wqHMnqFK3XD&amp;__tn__=-UK-R&amp;c[0]=AT3VW5GZ7h8jLG2CLyQvIjQlXNf05AiYytlzrI5LxDqV0NIZSrWOAOZz3ZCbla_R_nsMnlFPb7f0XA7bzBvbouFJTvKFz7caEFUIW2YzTEDa3o2HkthIFv_OIJ1uZ3X3wRZw\" target=\"_blank\" rel=\"nofollow noopener noreferrer\">terresdemotions.fr.<\/a><\/span> <\/span><\/p>\n<p><span class=\"x193iq5w xeuugli x13faqbe x1vvkbs x1xmvt09 x1lliihq x1s928wv xhkezso x1gmr53x x1cpjm7i x1fgarty x1943h6x xudqn12 x3x7a5m x6prxxf xvq8zen xo1l8bm xzsf02u x1yc453h\" dir=\"auto\">Yohann guide de montagne<\/span><\/p>\n<p>Une belle randonn\u00e9es toujours accompagn\u00e9 d&rsquo;un groupe \u00e0 l&rsquo;\u00e9coute et bienveillant<\/p>\n<p>Yohann Accompagnateur Terres d&rsquo;\u00e9motions<\/p>\nngg_shortcode_0_placeholder\n<p>&nbsp;<\/p>\n","protected":false},"excerpt":{"rendered":"<p>Le printemps s&rsquo;installe dans les montagnes,\u00a0 les derniers n\u00e9v\u00e9s r\u00e9sistent et la flore des hautes altitudes pointe le bout de son nez.<\/p>\n<p>Au d\u00e9part du relais des merveilles, le pas du trem nous accueille avec un dernier n\u00e9v\u00e9 en pente raide. Un l\u00e9ger contournement pour descendre dans la vall\u00e9e et rejoindre le lac Fourcat pour une baignade dans une eau turquoise.<\/p>\n","protected":false},"author":1,"featured_media":15570,"comment_status":"open","ping_status":"open","sticky":false,"template":"","format":"standard","meta":{"_bbp_topic_count":0,"_bbp_reply_count":0,"_bbp_total_topic_count":0,"_bbp_total_reply_count":0,"_bbp_voice_count":0,"_bbp_anonymous_reply_count":0,"_bbp_topic_count_hidden":0,"_bbp_reply_count_hidden":0,"_bbp_forum_subforum_count":0,"content-type":"","_exactmetrics_skip_tracking":false,"_exactmetrics_sitenote_active":false,"_exactmetrics_sitenote_note":"","_exactmetrics_sitenote_category":0,"_monsterinsights_skip_tracking":false,"_monsterinsights_sitenote_active":false,"_monsterinsights_sitenote_note":"","_monsterinsights_sitenote_category":0,"ngg_post_thumbnail":3191,"_price":"","_stock":"","_tribe_ticket_header":"","_tribe_default_ticket_provider":"","_tribe_ticket_capacity":"0","_ticket_start_date":"","_ticket_end_date":"","_tribe_ticket_show_description":"","_tribe_ticket_show_not_going":false,"_tribe_ticket_use_global_stock":"","_tribe_ticket_global_stock_level":"","_global_stock_mode":"","_global_stock_cap":"","_tribe_rsvp_for_event":"","_tribe_ticket_going_count":"","_tribe_ticket_not_going_count":"","_tribe_tickets_list":"[]","_tribe_ticket_has_attendee_info_fields":false,"_jetpack_memberships_contains_paid_content":false,"footnotes":""},"categories":[268,225,41],"tags":[312,803,882],"class_list":["post-15569","post","type-post","status-publish","format-standard","has-post-thumbnail","hentry","category-niveau-3","category-randos-hors-club","category-vallee-des-merveilles","tag-crete","tag-sommets","tag-vallee"],"jetpack_featured_media_url":"https:\/\/terresdemotions.fr\/wp-content\/uploads\/2024\/08\/IMG_20240629_112308-scaled.jpg","jetpack_sharing_enabled":true,"_links":{"self":[{"href":"https:\/\/terresdemotions.fr\/index.php\/wp-json\/wp\/v2\/posts\/15569","targetHints":{"allow":["GET"]}}],"collection":[{"href":"https:\/\/terresdemotions.fr\/index.php\/wp-json\/wp\/v2\/posts"}],"about":[{"href":"https:\/\/terresdemotions.fr\/index.php\/wp-json\/wp\/v2\/types\/post"}],"author":[{"embeddable":true,"href":"https:\/\/terresdemotions.fr\/index.php\/wp-json\/wp\/v2\/users\/1"}],"replies":[{"embeddable":true,"href":"https:\/\/terresdemotions.fr\/index.php\/wp-json\/wp\/v2\/comments?post=15569"}],"version-history":[{"count":4,"href":"https:\/\/terresdemotions.fr\/index.php\/wp-json\/wp\/v2\/posts\/15569\/revisions"}],"predecessor-version":[{"id":15586,"href":"https:\/\/terresdemotions.fr\/index.php\/wp-json\/wp\/v2\/posts\/15569\/revisions\/15586"}],"wp:featuredmedia":[{"embeddable":true,"href":"https:\/\/terresdemotions.fr\/index.php\/wp-json\/wp\/v2\/media\/15570"}],"wp:attachment":[{"href":"https:\/\/terresdemotions.fr\/index.php\/wp-json\/wp\/v2\/media?parent=15569"}],"wp:term":[{"taxonomy":"category","embeddable":true,"href":"https:\/\/terresdemotions.fr\/index.php\/wp-json\/wp\/v2\/categories?post=15569"},{"taxonomy":"post_tag","embeddable":true,"href":"https:\/\/terresdemotions.fr\/index.php\/wp-json\/wp\/v2\/tags?post=15569"}],"curies":[{"name":"wp","href":"https:\/\/api.w.org\/{rel}","templated":true}]}}