{"id":15863,"date":"2024-11-23T21:57:42","date_gmt":"2024-11-23T20:57:42","guid":{"rendered":"https:\/\/terresdemotions.fr\/?p=15863"},"modified":"2025-06-02T22:23:29","modified_gmt":"2025-06-02T20:23:29","slug":"mont-falourde-entre-var-et-tinee","status":"publish","type":"post","link":"https:\/\/terresdemotions.fr\/index.php\/2024\/11\/23\/mont-falourde-entre-var-et-tinee\/","title":{"rendered":"Mont Falourde -Entre Var et Tin\u00e9e."},"content":{"rendered":"\n<p>Perch\u00e9 sur son \u00e9peron rocheux, Bairols village m\u00e9di\u00e9val, domine la vall\u00e9e de la Tin\u00e9e.<\/p>\n<p>Riche d&rsquo;un pass\u00e9 r\u00e9volu, d&rsquo;une for\u00eat br\u00fbl\u00e9e par les incendie, il n&rsquo;en reste pas moins de magnifiques sentiers dominant d&rsquo;une c\u00f4t\u00e9 la Tin\u00e9e et de l&rsquo;autre le var. Une fois au col de l&rsquo;espella, la vue s&rsquo;oriente rapidement \u00e0 L&rsquo;est pour d\u00e9couvrir les sommets de la Haute Tin\u00e9e jusqu&rsquo;\u00e0 Isola, la haute V\u00e9subie et une partie du Haut Cians.<\/p>\n<p>La vue plonge \u00e9galement vers la Tin\u00e9e et les nombreux villages autours de Bairols, comme Clans et la Tour sur Tin\u00e9e. Le parcours s&rsquo;oriente vers le Mont Falourde par un sentier \u00e0 plat dans la for\u00eat qui rejoint le lieu dit le lac (endroit plat et herbeux), avant de remonter tranquillement au Sommet.<\/p>\n<p>Le d\u00e9jeuner est pris au sommet. La vue sur le confluent du Var et de la tin\u00e9e se dessine. Le Pic Charvet en cache le m\u00e9lange des eaux, mais la vue est saisissante avec le teillon, les sommets du cheiron, L&rsquo;arpille, Le d\u00f4me de barrot&nbsp; \u00e0 l&rsquo;ouest.<\/p>\n<p>A l&rsquo;est la haute v\u00e9subie et Tin\u00e9e dont les sommets sont enneig\u00e9s \u00e0 partir de 2200 m. La descente se fait sur un sentier face ouest \u00e0 l&rsquo;ombre malheureusement d&rsquo;un soleil automnale d\u00e9j\u00e0 bas. Le sentier longe \u00e0 flan de montagne ce sentier cr\u00e9\u00e9 \u00e0 l&rsquo;origine pour lier Tournefort \u00e0 Bairols.<\/p>\n<p>Un sentier agr\u00e9able sans trop de difficult\u00e9s qui rejoins le village de bairols par le bas.<\/p>\n<p>Une belle randonn\u00e9e au soleil avec toujours une bonne ambiance,<\/p>\n<p>Yohann Accompagnateur Terres d&rsquo;\u00e9motions<\/p>\nngg_shortcode_0_placeholder\n<p>&nbsp;<\/p>\n\n\n","protected":false},"excerpt":{"rendered":"<p>A peine la voiture gar\u00e9e et d\u00e9j\u00e0 beaucoup de ch\u00e2taignes \u00e0 ramasser. Les sacs sont d\u00e9j\u00e0 plain avant de partir. Nous commen\u00e7ons \u00e0 longer le canal de braux (\u00e9tonnamment \u00e0 sec malgr\u00e9 les pluies). Une visite du petit hameau de Chabri\u00e8res, t\u00e9moin de l&rsquo;ancienne vie pastorale qu&rsquo;il y avait dans la vall\u00e9e du Coulomp.<\/p>\n","protected":false},"author":1,"featured_media":15864,"comment_status":"open","ping_status":"open","sticky":false,"template":"","format":"standard","meta":{"_bbp_topic_count":0,"_bbp_reply_count":0,"_bbp_total_topic_count":0,"_bbp_total_reply_count":0,"_bbp_voice_count":0,"_bbp_anonymous_reply_count":0,"_bbp_topic_count_hidden":0,"_bbp_reply_count_hidden":0,"_bbp_forum_subforum_count":0,"content-type":"","_exactmetrics_skip_tracking":false,"_exactmetrics_sitenote_active":false,"_exactmetrics_sitenote_note":"","_exactmetrics_sitenote_category":0,"_monsterinsights_skip_tracking":false,"_monsterinsights_sitenote_active":false,"_monsterinsights_sitenote_note":"","_monsterinsights_sitenote_category":0,"ngg_post_thumbnail":3191,"_price":"","_stock":"","_tribe_ticket_header":"","_tribe_default_ticket_provider":"","_tribe_ticket_capacity":"0","_ticket_start_date":"","_ticket_end_date":"","_tribe_ticket_show_description":"","_tribe_ticket_show_not_going":false,"_tribe_ticket_use_global_stock":"","_tribe_ticket_global_stock_level":"","_global_stock_mode":"","_global_stock_cap":"","_tribe_rsvp_for_event":"","_tribe_ticket_going_count":"","_tribe_ticket_not_going_count":"","_tribe_tickets_list":"[]","_tribe_ticket_has_attendee_info_fields":false,"_jetpack_memberships_contains_paid_content":false,"footnotes":""},"categories":[265,268,4],"tags":[312,803,882],"class_list":["post-15863","post","type-post","status-publish","format-standard","has-post-thumbnail","hentry","category-les-niveaux","category-niveau-3","category-vallee-de-latinee","tag-crete","tag-sommets","tag-vallee"],"jetpack_featured_media_url":"https:\/\/terresdemotions.fr\/wp-content\/uploads\/2024\/11\/DJI_0664-scaled.jpg","jetpack_sharing_enabled":true,"_links":{"self":[{"href":"https:\/\/terresdemotions.fr\/index.php\/wp-json\/wp\/v2\/posts\/15863","targetHints":{"allow":["GET"]}}],"collection":[{"href":"https:\/\/terresdemotions.fr\/index.php\/wp-json\/wp\/v2\/posts"}],"about":[{"href":"https:\/\/terresdemotions.fr\/index.php\/wp-json\/wp\/v2\/types\/post"}],"author":[{"embeddable":true,"href":"https:\/\/terresdemotions.fr\/index.php\/wp-json\/wp\/v2\/users\/1"}],"replies":[{"embeddable":true,"href":"https:\/\/terresdemotions.fr\/index.php\/wp-json\/wp\/v2\/comments?post=15863"}],"version-history":[{"count":1,"href":"https:\/\/terresdemotions.fr\/index.php\/wp-json\/wp\/v2\/posts\/15863\/revisions"}],"predecessor-version":[{"id":15866,"href":"https:\/\/terresdemotions.fr\/index.php\/wp-json\/wp\/v2\/posts\/15863\/revisions\/15866"}],"wp:featuredmedia":[{"embeddable":true,"href":"https:\/\/terresdemotions.fr\/index.php\/wp-json\/wp\/v2\/media\/15864"}],"wp:attachment":[{"href":"https:\/\/terresdemotions.fr\/index.php\/wp-json\/wp\/v2\/media?parent=15863"}],"wp:term":[{"taxonomy":"category","embeddable":true,"href":"https:\/\/terresdemotions.fr\/index.php\/wp-json\/wp\/v2\/categories?post=15863"},{"taxonomy":"post_tag","embeddable":true,"href":"https:\/\/terresdemotions.fr\/index.php\/wp-json\/wp\/v2\/tags?post=15863"}],"curies":[{"name":"wp","href":"https:\/\/api.w.org\/{rel}","templated":true}]}}