{"id":15997,"date":"2025-01-05T16:40:37","date_gmt":"2025-01-05T15:40:37","guid":{"rendered":"https:\/\/terresdemotions.fr\/?p=15997"},"modified":"2025-06-02T22:23:57","modified_gmt":"2025-06-02T20:23:57","slug":"reveillon-2024-madone-de-fenestre","status":"publish","type":"post","link":"https:\/\/terresdemotions.fr\/index.php\/2025\/01\/05\/reveillon-2024-madone-de-fenestre\/","title":{"rendered":"R\u00e9veillon 2024 -Madone de fenestre"},"content":{"rendered":"\n<p><span class=\"x193iq5w xeuugli x13faqbe x1vvkbs x1xmvt09 x1lliihq x1s928wv xhkezso x1gmr53x x1cpjm7i x1fgarty x1943h6x xudqn12 x3x7a5m x6prxxf xvq8zen xo1l8bm xzsf02u x1yc453h\" dir=\"auto\"><span class=\"html-span xdj266r x11i5rnm xat24cr x1mh8g0r xexx8yu x4uap5 x18d9i69 xkhd6sd x1hl2dhg x16tdsg8 x1vvkbs\"><a class=\"x1i10hfl xjbqb8w x1ejq31n xd10rxx x1sy0etr x17r0tee x972fbf xcfux6l x1qhh985 xm0m39n x9f619 x1ypdohk xt0psk2 xe8uvvx xdj266r x11i5rnm xat24cr x1mh8g0r xexx8yu x4uap5 x18d9i69 xkhd6sd x16tdsg8 x1hl2dhg xggy1nq x1a2a7pz x1sur9pj xkrqix3 x1fey0fg x1s688f\" tabindex=\"0\" role=\"link\" href=\"https:\/\/www.facebook.com\/terresdemotionsrandos?__cft__[0]=AZWg5yKmAloOcRmDoMCDJm6CY608mNzsIO7bJrST5T44l-W379Ycbj8S0h3fU0PxinzlSgHxvvML7hgmAFS0AOZEGdLm7Xcbj1Uc9AZIKhHxmeDURXNUiNlGLIDdZlSQxA5fEcbiNPAdKiiRR8fMouZ2Ko07x3VRBVXlgPrQ8_33pA&amp;__tn__=-]K-R\"><span class=\"xt0psk2\">Terres d&rsquo;\u00e9motions&nbsp;<\/span><\/a><\/span> souhaite \u00e0 tous les randonneurs une bonne ann\u00e9e 2025. Comme \u00e0 son habitude, <span class=\"html-span xdj266r x11i5rnm xat24cr x1mh8g0r xexx8yu x4uap5 x18d9i69 xkhd6sd x1hl2dhg x16tdsg8 x1vvkbs\"><a class=\"x1i10hfl xjbqb8w x1ejq31n xd10rxx x1sy0etr x17r0tee x972fbf xcfux6l x1qhh985 xm0m39n x9f619 x1ypdohk xt0psk2 xe8uvvx xdj266r x11i5rnm xat24cr x1mh8g0r xexx8yu x4uap5 x18d9i69 xkhd6sd x16tdsg8 x1hl2dhg xggy1nq x1a2a7pz x1sur9pj xkrqix3 x1fey0fg x1s688f\" tabindex=\"0\" role=\"link\" href=\"https:\/\/www.facebook.com\/terresdemotionsrandos?__cft__[0]=AZWg5yKmAloOcRmDoMCDJm6CY608mNzsIO7bJrST5T44l-W379Ycbj8S0h3fU0PxinzlSgHxvvML7hgmAFS0AOZEGdLm7Xcbj1Uc9AZIKhHxmeDURXNUiNlGLIDdZlSQxA5fEcbiNPAdKiiRR8fMouZ2Ko07x3VRBVXlgPrQ8_33pA&amp;__tn__=-]K-R\"><span class=\"xt0psk2\"><\/span><\/a><a class=\"x1i10hfl xjbqb8w x1ejq31n xd10rxx x1sy0etr x17r0tee x972fbf xcfux6l x1qhh985 xm0m39n x9f619 x1ypdohk xt0psk2 xe8uvvx xdj266r x11i5rnm xat24cr x1mh8g0r xexx8yu x4uap5 x18d9i69 xkhd6sd x16tdsg8 x1hl2dhg xggy1nq x1a2a7pz x1sur9pj xkrqix3 x1fey0fg x1s688f\" tabindex=\"0\" role=\"link\" href=\"https:\/\/www.facebook.com\/terresdemotionsrandos?__cft__[0]=AZWg5yKmAloOcRmDoMCDJm6CY608mNzsIO7bJrST5T44l-W379Ycbj8S0h3fU0PxinzlSgHxvvML7hgmAFS0AOZEGdLm7Xcbj1Uc9AZIKhHxmeDURXNUiNlGLIDdZlSQxA5fEcbiNPAdKiiRR8fMouZ2Ko07x3VRBVXlgPrQ8_33pA&amp;__tn__=-]K-R\">Terres d&rsquo;\u00e9motions&nbsp;<\/a><\/span><\/span> \u00e0 f\u00eat\u00e9 le r\u00e9veillon dans la montagne.<\/p>\n<p><span class=\"x193iq5w xeuugli x13faqbe x1vvkbs x1xmvt09 x1lliihq x1s928wv xhkezso x1gmr53x x1cpjm7i x1fgarty x1943h6x xudqn12 x3x7a5m x6prxxf xvq8zen xo1l8bm xzsf02u x1yc453h\" dir=\"auto\">Une d\u00e9couverte de nouveaux paysages d\u00e9neig\u00e9s en cette fin d&rsquo;ann\u00e9e. Cela \u00e0 commencer par arriver non sans mal au plus haut du vallon par la route d\u00e9vast\u00e9e par les deux temp\u00eates. Une plaque de glace \u00e0 passer en voiture puis ensuite en crampons pour atteindre au bout de 2 h le refuge de la Madone.<\/span><\/p>\n<p><span class=\"x193iq5w xeuugli x13faqbe x1vvkbs x1xmvt09 x1lliihq x1s928wv xhkezso x1gmr53x x1cpjm7i x1fgarty x1943h6x xudqn12 x3x7a5m x6prxxf xvq8zen xo1l8bm xzsf02u x1yc453h\" dir=\"auto\">Quelques affaires et de la nourriture sont laiss\u00e9s au refuge pour entamer avec un sac moins lourd la mont\u00e9e au lac de fenestre. D\u00e9jeuner au soleil avec une tentative de baignade qui sera vaine, car l&rsquo;\u00e9paisseur du lac est trop importante. Et pourtant l&rsquo;eau a \u00e9t\u00e9 atteinte apr\u00e8s avoir perc\u00e9 plus de 30 cm de glace.<\/span><\/p>\n<p><span class=\"x193iq5w xeuugli x13faqbe x1vvkbs x1xmvt09 x1lliihq x1s928wv xhkezso x1gmr53x x1cpjm7i x1fgarty x1943h6x xudqn12 x3x7a5m x6prxxf xvq8zen xo1l8bm xzsf02u x1yc453h\" dir=\"auto\">Retour en milieu d&rsquo;apr\u00e8s midi au refuge pour se pr\u00e9parer pour le diner, quelques jeux en pr\u00e9ambule. Repas puis soir\u00e9e dansante jusqu&rsquo;au bout de la nuit avec une petite balade nocturne vers 22h30. Le lendemain, lever tranquille pour monter au lac Balaour hors des sentiers battus.<\/span><\/p>\n<p><span class=\"x193iq5w xeuugli x13faqbe x1vvkbs x1xmvt09 x1lliihq x1s928wv xhkezso x1gmr53x x1cpjm7i x1fgarty x1943h6x xudqn12 x3x7a5m x6prxxf xvq8zen xo1l8bm xzsf02u x1yc453h\" dir=\"auto\">Un lac extraordinaire compl\u00e8tement gel\u00e9 ou l&rsquo;ile du milieu est accessible \u00e0 pied ! D\u00e9jeuner au soleil dans des conditions idylliques. <\/span><\/p>\n<p><span class=\"x193iq5w xeuugli x13faqbe x1vvkbs x1xmvt09 x1lliihq x1s928wv xhkezso x1gmr53x x1cpjm7i x1fgarty x1943h6x xudqn12 x3x7a5m x6prxxf xvq8zen xo1l8bm xzsf02u x1yc453h\" dir=\"auto\">En r\u00e9sum\u00e9, des lacs comme rarement vu en cette p\u00e9riode. Une soir\u00e9e festive au refuge de la Madone accompagn\u00e9e de randonneurs qui ont su braver la glace de la route, la glace du sentier, les mont\u00e9es, les descentes et qui ont march\u00e9 sur l&rsquo;eau, profit\u00e9 d&rsquo;un vin chaud \u00e0 2266 m et de pas de danses en crocs !! Un bon moment de convivialit\u00e9 et de partage avec un super groupe. Une aventure loin de la civilisation o\u00f9 les chamois sont les rois.<\/span><\/p>\n<p>Une belle randonn\u00e9e toujours accompagn\u00e9e d&rsquo;un groupe extraordinaire.<\/p>\n<p>Yohann Accompagnateur Terres d&rsquo;\u00e9motions<\/p>\nngg_shortcode_0_placeholder\n<p>&nbsp;<\/p>\n\n\n","protected":false},"excerpt":{"rendered":"<p>A peine la voiture gar\u00e9e et d\u00e9j\u00e0 beaucoup de ch\u00e2taignes \u00e0 ramasser. Les sacs sont d\u00e9j\u00e0 plain avant de partir. Nous commen\u00e7ons \u00e0 longer le canal de braux (\u00e9tonnamment \u00e0 sec malgr\u00e9 les pluies). Une visite du petit hameau de Chabri\u00e8res, t\u00e9moin de l&rsquo;ancienne vie pastorale qu&rsquo;il y avait dans la vall\u00e9e du Coulomp.<\/p>\n","protected":false},"author":1,"featured_media":15998,"comment_status":"open","ping_status":"open","sticky":false,"template":"","format":"standard","meta":{"_bbp_topic_count":0,"_bbp_reply_count":0,"_bbp_total_topic_count":0,"_bbp_total_reply_count":0,"_bbp_voice_count":0,"_bbp_anonymous_reply_count":0,"_bbp_topic_count_hidden":0,"_bbp_reply_count_hidden":0,"_bbp_forum_subforum_count":0,"content-type":"","_exactmetrics_skip_tracking":false,"_exactmetrics_sitenote_active":false,"_exactmetrics_sitenote_note":"","_exactmetrics_sitenote_category":0,"_monsterinsights_skip_tracking":false,"_monsterinsights_sitenote_active":false,"_monsterinsights_sitenote_note":"","_monsterinsights_sitenote_category":0,"ngg_post_thumbnail":3191,"_price":"","_stock":"","_tribe_ticket_header":"","_tribe_default_ticket_provider":"","_tribe_ticket_capacity":"0","_ticket_start_date":"","_ticket_end_date":"","_tribe_ticket_show_description":"","_tribe_ticket_show_not_going":false,"_tribe_ticket_use_global_stock":"","_tribe_ticket_global_stock_level":"","_global_stock_mode":"","_global_stock_cap":"","_tribe_rsvp_for_event":"","_tribe_ticket_going_count":"","_tribe_ticket_not_going_count":"","_tribe_tickets_list":"[]","_tribe_ticket_has_attendee_info_fields":false,"_jetpack_memberships_contains_paid_content":false,"footnotes":""},"categories":[265,268,42,7],"tags":[312,803,882],"class_list":["post-15997","post","type-post","status-publish","format-standard","has-post-thumbnail","hentry","category-les-niveaux","category-niveau-3","category-randonnee","category-vallee-de-la-vesubie","tag-crete","tag-sommets","tag-vallee"],"jetpack_featured_media_url":"https:\/\/terresdemotions.fr\/wp-content\/uploads\/2025\/01\/IMG_20241231_150051-scaled.jpg","jetpack_sharing_enabled":true,"_links":{"self":[{"href":"https:\/\/terresdemotions.fr\/index.php\/wp-json\/wp\/v2\/posts\/15997","targetHints":{"allow":["GET"]}}],"collection":[{"href":"https:\/\/terresdemotions.fr\/index.php\/wp-json\/wp\/v2\/posts"}],"about":[{"href":"https:\/\/terresdemotions.fr\/index.php\/wp-json\/wp\/v2\/types\/post"}],"author":[{"embeddable":true,"href":"https:\/\/terresdemotions.fr\/index.php\/wp-json\/wp\/v2\/users\/1"}],"replies":[{"embeddable":true,"href":"https:\/\/terresdemotions.fr\/index.php\/wp-json\/wp\/v2\/comments?post=15997"}],"version-history":[{"count":2,"href":"https:\/\/terresdemotions.fr\/index.php\/wp-json\/wp\/v2\/posts\/15997\/revisions"}],"predecessor-version":[{"id":16007,"href":"https:\/\/terresdemotions.fr\/index.php\/wp-json\/wp\/v2\/posts\/15997\/revisions\/16007"}],"wp:featuredmedia":[{"embeddable":true,"href":"https:\/\/terresdemotions.fr\/index.php\/wp-json\/wp\/v2\/media\/15998"}],"wp:attachment":[{"href":"https:\/\/terresdemotions.fr\/index.php\/wp-json\/wp\/v2\/media?parent=15997"}],"wp:term":[{"taxonomy":"category","embeddable":true,"href":"https:\/\/terresdemotions.fr\/index.php\/wp-json\/wp\/v2\/categories?post=15997"},{"taxonomy":"post_tag","embeddable":true,"href":"https:\/\/terresdemotions.fr\/index.php\/wp-json\/wp\/v2\/tags?post=15997"}],"curies":[{"name":"wp","href":"https:\/\/api.w.org\/{rel}","templated":true}]}}