{"id":16020,"date":"2025-01-13T08:33:30","date_gmt":"2025-01-13T07:33:30","guid":{"rendered":"https:\/\/terresdemotions.fr\/?p=16020"},"modified":"2026-03-08T20:47:43","modified_gmt":"2026-03-08T19:47:43","slug":"rando-resto-et-galette-a-la-calmette","status":"publish","type":"post","link":"https:\/\/terresdemotions.fr\/index.php\/2025\/01\/13\/rando-resto-et-galette-a-la-calmette\/","title":{"rendered":"Rando resto et Galette \u00e0 la Calmette"},"content":{"rendered":"\n<p>Premi\u00e8re randonn\u00e9e de l&rsquo;ann\u00e9e plac\u00e9e sous le signe de la d\u00e9couverte de l&rsquo;authion.<\/p>\n<p>Au menu le matin, une randonn\u00e9e foresti\u00e8re domin\u00e9e par le sommet de l&rsquo;arpiha offrant une vue \u00e0 couper le souffle sur la vall\u00e9e de la V\u00e9subie. Une boucle dans un bois partiellement ensoleill\u00e9 au soleil montant.<\/p>\n<p>Puis direction le restaurant l&rsquo;authion chez Jean Jean pour d\u00e9gust\u00e9 entre autres daube foresti\u00e8re et polenta ou lapin raviolis. Une cuisine authentique \u00ab\u00a0fait maison\u00a0\u00bbappr\u00e9ci\u00e9e de tous.<\/p>\n<p>Apr\u00e8s le d\u00e9jeuner direction la cime de la Calmette sans oublier de chausser les crampons au d\u00e9but, la neige r\u00e9siduelle en face nord s&rsquo;\u00e9tant transform\u00e9e par endroit en glace.&nbsp;<\/p>\n<p>Arriv\u00e9s au sommet, c&rsquo;est une vue magnifique sur la B\u00e9v\u00e9ra, la V\u00e9subie et au loin la Corse qui s&rsquo;offre \u00e0 nous. Quoi de mieux pour sortir les galettes de rois et le cidre pour appr\u00e9cier cette nouvelle ann\u00e9e.<\/p>\n<p>Une belle journ\u00e9e ensoleill\u00e9e et sans vent avec une d\u00e9couverte pour la plupart.<\/p>\n<p>Une belle randonn\u00e9e toujours accompagn\u00e9e d&rsquo;un groupe extraordinaire.<\/p>\n<p>Yohann Accompagnateur Terres d&rsquo;\u00e9motions<\/p>\nngg_shortcode_0_placeholder\n<p>&nbsp;<\/p>\n\n\n","protected":false},"excerpt":{"rendered":"<p>A peine la voiture gar\u00e9e et d\u00e9j\u00e0 beaucoup de ch\u00e2taignes \u00e0 ramasser. Les sacs sont d\u00e9j\u00e0 plain avant de partir. Nous commen\u00e7ons \u00e0 longer le canal de braux (\u00e9tonnamment \u00e0 sec malgr\u00e9 les pluies). Une visite du petit hameau de Chabri\u00e8res, t\u00e9moin de l&rsquo;ancienne vie pastorale qu&rsquo;il y avait dans la vall\u00e9e du Coulomp.<\/p>\n","protected":false},"author":1,"featured_media":16021,"comment_status":"open","ping_status":"open","sticky":false,"template":"","format":"standard","meta":{"_bbp_topic_count":0,"_bbp_reply_count":0,"_bbp_total_topic_count":0,"_bbp_total_reply_count":0,"_bbp_voice_count":0,"_bbp_anonymous_reply_count":0,"_bbp_topic_count_hidden":0,"_bbp_reply_count_hidden":0,"_bbp_forum_subforum_count":0,"content-type":"","_exactmetrics_skip_tracking":false,"_exactmetrics_sitenote_active":false,"_exactmetrics_sitenote_note":"","_exactmetrics_sitenote_category":0,"_monsterinsights_skip_tracking":false,"_monsterinsights_sitenote_active":false,"_monsterinsights_sitenote_note":"","_monsterinsights_sitenote_category":0,"ngg_post_thumbnail":3191,"_price":"","_stock":"","_tribe_ticket_header":"","_tribe_default_ticket_provider":"","_tribe_ticket_capacity":"0","_ticket_start_date":"","_ticket_end_date":"","_tribe_ticket_show_description":"","_tribe_ticket_show_not_going":false,"_tribe_ticket_use_global_stock":"","_tribe_ticket_global_stock_level":"","_global_stock_mode":"","_global_stock_cap":"","_tribe_rsvp_for_event":"","_tribe_ticket_going_count":"","_tribe_ticket_not_going_count":"","_tribe_tickets_list":"[]","_tribe_ticket_has_attendee_info_fields":false,"_jetpack_memberships_contains_paid_content":false,"footnotes":""},"categories":[265,266,42,7],"tags":[312,803,882],"class_list":["post-16020","post","type-post","status-publish","format-standard","has-post-thumbnail","hentry","category-les-niveaux","category-niveau-1","category-randonnee","category-vallee-de-la-vesubie","tag-crete","tag-sommets","tag-vallee"],"jetpack_featured_media_url":"https:\/\/terresdemotions.fr\/wp-content\/uploads\/2025\/01\/DJI_0789-scaled.jpg","jetpack_sharing_enabled":true,"_links":{"self":[{"href":"https:\/\/terresdemotions.fr\/index.php\/wp-json\/wp\/v2\/posts\/16020","targetHints":{"allow":["GET"]}}],"collection":[{"href":"https:\/\/terresdemotions.fr\/index.php\/wp-json\/wp\/v2\/posts"}],"about":[{"href":"https:\/\/terresdemotions.fr\/index.php\/wp-json\/wp\/v2\/types\/post"}],"author":[{"embeddable":true,"href":"https:\/\/terresdemotions.fr\/index.php\/wp-json\/wp\/v2\/users\/1"}],"replies":[{"embeddable":true,"href":"https:\/\/terresdemotions.fr\/index.php\/wp-json\/wp\/v2\/comments?post=16020"}],"version-history":[{"count":2,"href":"https:\/\/terresdemotions.fr\/index.php\/wp-json\/wp\/v2\/posts\/16020\/revisions"}],"predecessor-version":[{"id":16024,"href":"https:\/\/terresdemotions.fr\/index.php\/wp-json\/wp\/v2\/posts\/16020\/revisions\/16024"}],"wp:featuredmedia":[{"embeddable":true,"href":"https:\/\/terresdemotions.fr\/index.php\/wp-json\/wp\/v2\/media\/16021"}],"wp:attachment":[{"href":"https:\/\/terresdemotions.fr\/index.php\/wp-json\/wp\/v2\/media?parent=16020"}],"wp:term":[{"taxonomy":"category","embeddable":true,"href":"https:\/\/terresdemotions.fr\/index.php\/wp-json\/wp\/v2\/categories?post=16020"},{"taxonomy":"post_tag","embeddable":true,"href":"https:\/\/terresdemotions.fr\/index.php\/wp-json\/wp\/v2\/tags?post=16020"}],"curies":[{"name":"wp","href":"https:\/\/api.w.org\/{rel}","templated":true}]}}