{"id":16036,"date":"2025-01-19T21:32:05","date_gmt":"2025-01-19T20:32:05","guid":{"rendered":"https:\/\/terresdemotions.fr\/?p=16036"},"modified":"2025-06-02T22:24:05","modified_gmt":"2025-06-02T20:24:05","slug":"mont-vinaigre-sommet-de-lesterel","status":"publish","type":"post","link":"https:\/\/terresdemotions.fr\/index.php\/2025\/01\/19\/mont-vinaigre-sommet-de-lesterel\/","title":{"rendered":"Mont Vinaigre, Sommet de L&rsquo;est\u00e9rel"},"content":{"rendered":"\n<p>Au d\u00e9part du col du Testanier, nous entamons la descente au lac de Lavellan sur un chemin humide d\u00fb \u00e0 la pluie de la nuit.<\/p>\n<p>Le lac de Lavellan construit en 1974 est quasi vide. Un d\u00e9faut d&rsquo;entretien \u00e0 scell\u00e9 le sort de ce lac destin\u00e9&nbsp; au d\u00e9part pour des besoins hydro\u00e9lectrique et ensuite pour la p\u00eache.<\/p>\n<p>Nous remontons en direction du mont Vinaigre par la piste et puis par une sente droit dans la pente qui sera l&rsquo;effort de la journ\u00e9e. Le d\u00e9jeuner sera pris au sommet du mont Vinaigre.<\/p>\n<p>Au sommet une formidable vue sur la Mer avec au loin la pointe du rabiou, Cap Taillat, le golf de St Tropez, bref une vue \u00e0 360 \u00b0C sur les montagnes environnantes.<\/p>\n<p>Retour \u00e0 la voiture par des petites sentes loins de l&rsquo;agitation touristique rencontr\u00e9 eau mont Vinaigre. La pluie s&rsquo;invite \u00e0 la fin de la randonn\u00e9e.<\/p>\n<p>Une belle randonn\u00e9e toujours accompagn\u00e9e d&rsquo;un groupe extraordinaire.<\/p>\n<p>Yohann Accompagnateur Terres d&rsquo;\u00e9motions<\/p>\nngg_shortcode_0_placeholder\n<p>&nbsp;<\/p>\n\n\n","protected":false},"excerpt":{"rendered":"<p>A peine la voiture gar\u00e9e et d\u00e9j\u00e0 beaucoup de ch\u00e2taignes \u00e0 ramasser. Les sacs sont d\u00e9j\u00e0 plain avant de partir. Nous commen\u00e7ons \u00e0 longer le canal de braux (\u00e9tonnamment \u00e0 sec malgr\u00e9 les pluies). Une visite du petit hameau de Chabri\u00e8res, t\u00e9moin de l&rsquo;ancienne vie pastorale qu&rsquo;il y avait dans la vall\u00e9e du Coulomp.<\/p>\n","protected":false},"author":1,"featured_media":16037,"comment_status":"open","ping_status":"open","sticky":false,"template":"","format":"standard","meta":{"_bbp_topic_count":0,"_bbp_reply_count":0,"_bbp_total_topic_count":0,"_bbp_total_reply_count":0,"_bbp_voice_count":0,"_bbp_anonymous_reply_count":0,"_bbp_topic_count_hidden":0,"_bbp_reply_count_hidden":0,"_bbp_forum_subforum_count":0,"content-type":"","_exactmetrics_skip_tracking":false,"_exactmetrics_sitenote_active":false,"_exactmetrics_sitenote_note":"","_exactmetrics_sitenote_category":0,"_monsterinsights_skip_tracking":false,"_monsterinsights_sitenote_active":false,"_monsterinsights_sitenote_note":"","_monsterinsights_sitenote_category":0,"ngg_post_thumbnail":3191,"_price":"","_stock":"","_tribe_ticket_header":"","_tribe_default_ticket_provider":"","_tribe_ticket_capacity":"0","_ticket_start_date":"","_ticket_end_date":"","_tribe_ticket_show_description":"","_tribe_ticket_show_not_going":false,"_tribe_ticket_use_global_stock":"","_tribe_ticket_global_stock_level":"","_global_stock_mode":"","_global_stock_cap":"","_tribe_rsvp_for_event":"","_tribe_ticket_going_count":"","_tribe_ticket_not_going_count":"","_tribe_tickets_list":"[]","_tribe_ticket_has_attendee_info_fields":false,"_jetpack_memberships_contains_paid_content":false,"footnotes":""},"categories":[180,265,267,42],"tags":[312,803,882],"class_list":["post-16036","post","type-post","status-publish","format-standard","has-post-thumbnail","hentry","category-departements-83-13","category-les-niveaux","category-niveau-2","category-randonnee","tag-crete","tag-sommets","tag-vallee"],"jetpack_featured_media_url":"https:\/\/terresdemotions.fr\/wp-content\/uploads\/2025\/01\/DJI_0798-scaled.jpg","jetpack_sharing_enabled":true,"_links":{"self":[{"href":"https:\/\/terresdemotions.fr\/index.php\/wp-json\/wp\/v2\/posts\/16036","targetHints":{"allow":["GET"]}}],"collection":[{"href":"https:\/\/terresdemotions.fr\/index.php\/wp-json\/wp\/v2\/posts"}],"about":[{"href":"https:\/\/terresdemotions.fr\/index.php\/wp-json\/wp\/v2\/types\/post"}],"author":[{"embeddable":true,"href":"https:\/\/terresdemotions.fr\/index.php\/wp-json\/wp\/v2\/users\/1"}],"replies":[{"embeddable":true,"href":"https:\/\/terresdemotions.fr\/index.php\/wp-json\/wp\/v2\/comments?post=16036"}],"version-history":[{"count":3,"href":"https:\/\/terresdemotions.fr\/index.php\/wp-json\/wp\/v2\/posts\/16036\/revisions"}],"predecessor-version":[{"id":16054,"href":"https:\/\/terresdemotions.fr\/index.php\/wp-json\/wp\/v2\/posts\/16036\/revisions\/16054"}],"wp:featuredmedia":[{"embeddable":true,"href":"https:\/\/terresdemotions.fr\/index.php\/wp-json\/wp\/v2\/media\/16037"}],"wp:attachment":[{"href":"https:\/\/terresdemotions.fr\/index.php\/wp-json\/wp\/v2\/media?parent=16036"}],"wp:term":[{"taxonomy":"category","embeddable":true,"href":"https:\/\/terresdemotions.fr\/index.php\/wp-json\/wp\/v2\/categories?post=16036"},{"taxonomy":"post_tag","embeddable":true,"href":"https:\/\/terresdemotions.fr\/index.php\/wp-json\/wp\/v2\/tags?post=16036"}],"curies":[{"name":"wp","href":"https:\/\/api.w.org\/{rel}","templated":true}]}}