{"id":16222,"date":"2025-04-20T23:10:38","date_gmt":"2025-04-20T21:10:38","guid":{"rendered":"https:\/\/terresdemotions.fr\/?p=16222"},"modified":"2025-06-08T22:34:10","modified_gmt":"2025-06-08T20:34:10","slug":"les-cascades-de-cuebris","status":"publish","type":"post","link":"https:\/\/terresdemotions.fr\/index.php\/2025\/04\/20\/les-cascades-de-cuebris\/","title":{"rendered":"Les Cascades de Cu\u00e9bris"},"content":{"rendered":"\n<p>Apr\u00e8s les pluies de la semaines, les cours d&rsquo;eau sont gonfl\u00e9s \u00e0 Bloc. Alors c&rsquo;est le moment id\u00e9al pour aller \u00e0 la rencontre d&rsquo;une des cascade les plus hautes du d\u00e9partement.<\/p>\n<p>D&rsquo;abord au pied de cette derni\u00e8re. Un&nbsp; court moment hors sentier pour aller chercher cette cascade et son petit lagon. Une chute impressionnante qui projette des \u00ab\u00a0embruns\u00a0\u00bb et un souffle \u00e9vitant qu&rsquo;on y reste tr\u00e8s longtemps.<\/p>\n<p>Apr\u00e8s s&rsquo;est rendu au pied, direction le haut de la cascade. Au bout de la rivi\u00e8re, une vue vertigineuse. Apr\u00e8s avoir travers\u00e9e la rivi\u00e8re pied nu (pas de pont et rivi\u00e8re en crue), direction le bau de l&rsquo;arc.<\/p>\n<p>Une ar\u00eate calcaire dominant les vall\u00e9es.&nbsp;<\/p>\n<p>Puis descente \u00e0 la faille du riou, en traversant par 3 fois, les rivi\u00e8res pieds nus. Une aventure extraordinaire et unique. Des bons moments inoubliables<\/p>\n<p>Malgr\u00e9 la m\u00e9t\u00e9o annonc\u00e9e maussade par les pr\u00e9visionnistes de l&rsquo;IA, le temps s&rsquo;est bien maintenu, avec un soleil magnifique en milieu de journ\u00e9e.<\/p>\n<p>Yohann Accompagnateur Terres d&rsquo;\u00e9motions<\/p>\nngg_shortcode_0_placeholder\n<p>&nbsp;<\/p>\n\n\n\n\n\n\n","protected":false},"excerpt":{"rendered":"<p>A peine la voiture gar\u00e9e et d\u00e9j\u00e0 beaucoup de ch\u00e2taignes \u00e0 ramasser. Les sacs sont d\u00e9j\u00e0 plain avant de partir. Nous commen\u00e7ons \u00e0 longer le canal de braux (\u00e9tonnamment \u00e0 sec malgr\u00e9 les pluies). Une visite du petit hameau de Chabri\u00e8res, t\u00e9moin de l&rsquo;ancienne vie pastorale qu&rsquo;il y avait dans la vall\u00e9e du Coulomp.<\/p>\n","protected":false},"author":1,"featured_media":16227,"comment_status":"open","ping_status":"open","sticky":false,"template":"","format":"standard","meta":{"_bbp_topic_count":0,"_bbp_reply_count":0,"_bbp_total_topic_count":0,"_bbp_total_reply_count":0,"_bbp_voice_count":0,"_bbp_anonymous_reply_count":0,"_bbp_topic_count_hidden":0,"_bbp_reply_count_hidden":0,"_bbp_forum_subforum_count":0,"content-type":"","_exactmetrics_skip_tracking":false,"_exactmetrics_sitenote_active":false,"_exactmetrics_sitenote_note":"","_exactmetrics_sitenote_category":0,"_monsterinsights_skip_tracking":false,"_monsterinsights_sitenote_active":false,"_monsterinsights_sitenote_note":"","_monsterinsights_sitenote_category":0,"ngg_post_thumbnail":3191,"_price":"","_stock":"","_tribe_ticket_header":"","_tribe_default_ticket_provider":"","_tribe_ticket_capacity":"0","_ticket_start_date":"","_ticket_end_date":"","_tribe_ticket_show_description":"","_tribe_ticket_show_not_going":false,"_tribe_ticket_use_global_stock":"","_tribe_ticket_global_stock_level":"","_global_stock_mode":"","_global_stock_cap":"","_tribe_rsvp_for_event":"","_tribe_ticket_going_count":"","_tribe_ticket_not_going_count":"","_tribe_tickets_list":"[]","_tribe_ticket_has_attendee_info_fields":false,"_jetpack_memberships_contains_paid_content":false,"footnotes":""},"categories":[265,267,42,5],"tags":[312,803,882],"class_list":["post-16222","post","type-post","status-publish","format-standard","has-post-thumbnail","hentry","category-les-niveaux","category-niveau-2","category-randonnee","category-vallee-de-lesteron","tag-crete","tag-sommets","tag-vallee"],"jetpack_featured_media_url":"https:\/\/terresdemotions.fr\/wp-content\/uploads\/2025\/04\/DJI_0021-scaled.jpg","jetpack_sharing_enabled":true,"_links":{"self":[{"href":"https:\/\/terresdemotions.fr\/index.php\/wp-json\/wp\/v2\/posts\/16222","targetHints":{"allow":["GET"]}}],"collection":[{"href":"https:\/\/terresdemotions.fr\/index.php\/wp-json\/wp\/v2\/posts"}],"about":[{"href":"https:\/\/terresdemotions.fr\/index.php\/wp-json\/wp\/v2\/types\/post"}],"author":[{"embeddable":true,"href":"https:\/\/terresdemotions.fr\/index.php\/wp-json\/wp\/v2\/users\/1"}],"replies":[{"embeddable":true,"href":"https:\/\/terresdemotions.fr\/index.php\/wp-json\/wp\/v2\/comments?post=16222"}],"version-history":[{"count":5,"href":"https:\/\/terresdemotions.fr\/index.php\/wp-json\/wp\/v2\/posts\/16222\/revisions"}],"predecessor-version":[{"id":16234,"href":"https:\/\/terresdemotions.fr\/index.php\/wp-json\/wp\/v2\/posts\/16222\/revisions\/16234"}],"wp:featuredmedia":[{"embeddable":true,"href":"https:\/\/terresdemotions.fr\/index.php\/wp-json\/wp\/v2\/media\/16227"}],"wp:attachment":[{"href":"https:\/\/terresdemotions.fr\/index.php\/wp-json\/wp\/v2\/media?parent=16222"}],"wp:term":[{"taxonomy":"category","embeddable":true,"href":"https:\/\/terresdemotions.fr\/index.php\/wp-json\/wp\/v2\/categories?post=16222"},{"taxonomy":"post_tag","embeddable":true,"href":"https:\/\/terresdemotions.fr\/index.php\/wp-json\/wp\/v2\/tags?post=16222"}],"curies":[{"name":"wp","href":"https:\/\/api.w.org\/{rel}","templated":true}]}}