{"id":16254,"date":"2025-04-26T23:24:31","date_gmt":"2025-04-26T21:24:31","guid":{"rendered":"https:\/\/terresdemotions.fr\/?p=16254"},"modified":"2025-06-08T22:34:19","modified_gmt":"2025-06-08T20:34:19","slug":"les-tunnels-de-belltrud-et-la-cascde-de-clars","status":"publish","type":"post","link":"https:\/\/terresdemotions.fr\/index.php\/2025\/04\/26\/les-tunnels-de-belltrud-et-la-cascde-de-clars\/","title":{"rendered":"Les tunnels de Beltrud et la cascade de Clars"},"content":{"rendered":"\n<p>Le canal de Belltrud prend naissance \u00e0 la source de la siagne de la Pare. Un canal de 14 kms en totalit\u00e9 avec plusieurs tunnels dont 7 seront visit\u00e9s.<\/p>\n<p>Un parcours relativement plat en bord de falaise. Pour certains tunnels, la frontale est n\u00e9cessaire. Belle vue panoramique sur la vall\u00e9e de la siagne.<\/p>\n<p>Ensuite direction la cascade de Clars situ\u00e9e au-dessus du village d&rsquo;Escragnolles. Un sentier relativement cours qui nous am\u00e8ne \u00e0 la cascade et son petit lagon. Les r\u00e9centes pluies ont bien aliment\u00e9e le cours d&rsquo;eau. Baignade improvis\u00e9e dans un des lagons en contre bas dans une eau \u00e0 7\u00b0C.<\/p>\n<p>Une belle rando avec un groupe toujours aussi sympathique tant sur le sentier que dans le minibus !!<\/p>\n<p>Malgr\u00e9 la m\u00e9t\u00e9o annonc\u00e9e maussade par les pr\u00e9visionnistes de l&rsquo;IA, le temps s&rsquo;est bien maintenu, avec un soleil magnifique toute la journ\u00e9e.<\/p>\n<p>Yohann Accompagnateur Terres d&rsquo;\u00e9motions<\/p>\nngg_shortcode_0_placeholder\n<p>&nbsp;<\/p>\n\n\n\n\n\n\n","protected":false},"excerpt":{"rendered":"<p>A peine la voiture gar\u00e9e et d\u00e9j\u00e0 beaucoup de ch\u00e2taignes \u00e0 ramasser. Les sacs sont d\u00e9j\u00e0 plain avant de partir. Nous commen\u00e7ons \u00e0 longer le canal de braux (\u00e9tonnamment \u00e0 sec malgr\u00e9 les pluies). Une visite du petit hameau de Chabri\u00e8res, t\u00e9moin de l&rsquo;ancienne vie pastorale qu&rsquo;il y avait dans la vall\u00e9e du Coulomp.<\/p>\n","protected":false},"author":1,"featured_media":16255,"comment_status":"open","ping_status":"open","sticky":false,"template":"","format":"standard","meta":{"_bbp_topic_count":0,"_bbp_reply_count":0,"_bbp_total_topic_count":0,"_bbp_total_reply_count":0,"_bbp_voice_count":0,"_bbp_anonymous_reply_count":0,"_bbp_topic_count_hidden":0,"_bbp_reply_count_hidden":0,"_bbp_forum_subforum_count":0,"content-type":"","_exactmetrics_skip_tracking":false,"_exactmetrics_sitenote_active":false,"_exactmetrics_sitenote_note":"","_exactmetrics_sitenote_category":0,"_monsterinsights_skip_tracking":false,"_monsterinsights_sitenote_active":false,"_monsterinsights_sitenote_note":"","_monsterinsights_sitenote_category":0,"ngg_post_thumbnail":3191,"_price":"","_stock":"","_tribe_ticket_header":"","_tribe_default_ticket_provider":"","_tribe_ticket_capacity":"0","_ticket_start_date":"","_ticket_end_date":"","_tribe_ticket_show_description":"","_tribe_ticket_show_not_going":false,"_tribe_ticket_use_global_stock":"","_tribe_ticket_global_stock_level":"","_global_stock_mode":"","_global_stock_cap":"","_tribe_rsvp_for_event":"","_tribe_ticket_going_count":"","_tribe_ticket_not_going_count":"","_tribe_tickets_list":"[]","_tribe_ticket_has_attendee_info_fields":false,"_jetpack_memberships_contains_paid_content":false,"footnotes":""},"categories":[265,267,42,6],"tags":[312,803,882],"class_list":["post-16254","post","type-post","status-publish","format-standard","has-post-thumbnail","hentry","category-les-niveaux","category-niveau-2","category-randonnee","category-vallee-de-la-siagne","tag-crete","tag-sommets","tag-vallee"],"jetpack_featured_media_url":"https:\/\/terresdemotions.fr\/wp-content\/uploads\/2025\/04\/DJI_0054-scaled.jpg","jetpack_sharing_enabled":true,"_links":{"self":[{"href":"https:\/\/terresdemotions.fr\/index.php\/wp-json\/wp\/v2\/posts\/16254","targetHints":{"allow":["GET"]}}],"collection":[{"href":"https:\/\/terresdemotions.fr\/index.php\/wp-json\/wp\/v2\/posts"}],"about":[{"href":"https:\/\/terresdemotions.fr\/index.php\/wp-json\/wp\/v2\/types\/post"}],"author":[{"embeddable":true,"href":"https:\/\/terresdemotions.fr\/index.php\/wp-json\/wp\/v2\/users\/1"}],"replies":[{"embeddable":true,"href":"https:\/\/terresdemotions.fr\/index.php\/wp-json\/wp\/v2\/comments?post=16254"}],"version-history":[{"count":4,"href":"https:\/\/terresdemotions.fr\/index.php\/wp-json\/wp\/v2\/posts\/16254\/revisions"}],"predecessor-version":[{"id":16272,"href":"https:\/\/terresdemotions.fr\/index.php\/wp-json\/wp\/v2\/posts\/16254\/revisions\/16272"}],"wp:featuredmedia":[{"embeddable":true,"href":"https:\/\/terresdemotions.fr\/index.php\/wp-json\/wp\/v2\/media\/16255"}],"wp:attachment":[{"href":"https:\/\/terresdemotions.fr\/index.php\/wp-json\/wp\/v2\/media?parent=16254"}],"wp:term":[{"taxonomy":"category","embeddable":true,"href":"https:\/\/terresdemotions.fr\/index.php\/wp-json\/wp\/v2\/categories?post=16254"},{"taxonomy":"post_tag","embeddable":true,"href":"https:\/\/terresdemotions.fr\/index.php\/wp-json\/wp\/v2\/tags?post=16254"}],"curies":[{"name":"wp","href":"https:\/\/api.w.org\/{rel}","templated":true}]}}