{"id":16288,"date":"2025-05-12T08:54:03","date_gmt":"2025-05-12T06:54:03","guid":{"rendered":"https:\/\/terresdemotions.fr\/?p=16288"},"modified":"2026-03-08T20:47:30","modified_gmt":"2026-03-08T19:47:30","slug":"le-circuit-de-colettes","status":"publish","type":"post","link":"https:\/\/terresdemotions.fr\/index.php\/2025\/05\/12\/le-circuit-de-colettes\/","title":{"rendered":"Le Circuit de Colettes"},"content":{"rendered":"\n<p><span class=\"x193iq5w xeuugli x13faqbe x1vvkbs x1xmvt09 x1lliihq x1s928wv xhkezso x1gmr53x x1cpjm7i x1fgarty x1943h6x xudqn12 x3x7a5m x6prxxf xvq8zen xo1l8bm xzsf02u x1yc453h\" dir=\"auto\">Afin d&rsquo;\u00e9viter la pluie et le vent \u00e0 la Sainte Baume, Terres d&rsquo;\u00e9motions \u00e9tait ce dimanche dans le bassin de L&rsquo;est\u00e9ron et plus pr\u00e9cis\u00e9ment dans le vallon St Pierre, les colettes et Soleilhas.<\/span><\/p>\n<p><span class=\"x193iq5w xeuugli x13faqbe x1vvkbs x1xmvt09 x1lliihq x1s928wv xhkezso x1gmr53x x1cpjm7i x1fgarty x1943h6x xudqn12 x3x7a5m x6prxxf xvq8zen xo1l8bm xzsf02u x1yc453h\" dir=\"auto\">Une boucle entre diff\u00e9rentes rivi\u00e8res avec des passages de gu\u00e9, des cascades et des for\u00eats de pins et de h\u00eatres. <\/span><\/p>\n<p><span class=\"x193iq5w xeuugli x13faqbe x1vvkbs x1xmvt09 x1lliihq x1s928wv xhkezso x1gmr53x x1cpjm7i x1fgarty x1943h6x xudqn12 x3x7a5m x6prxxf xvq8zen xo1l8bm xzsf02u x1yc453h\" dir=\"auto\">Un retour au point de d\u00e9part dans une rivi\u00e8re \u00e0 sec avant que d&rsquo;autres vallons am\u00e8nent de l&rsquo;eau dans le lit principal. Une belle boucle au soleil, sans pluie, sans vent.<\/span><\/p>\n<p><span class=\"x193iq5w xeuugli x13faqbe x1vvkbs x1xmvt09 x1lliihq x1s928wv xhkezso x1gmr53x x1cpjm7i x1fgarty x1943h6x xudqn12 x3x7a5m x6prxxf xvq8zen xo1l8bm xzsf02u x1yc453h\" dir=\"auto\">Pour une fois les pr\u00e9visions \u00e9taient bonnes. Une belle d\u00e9couverte et un bon choix de rando.<\/span><\/p>\n<p>Une belle rando avec un groupe toujours aussi sympathique tant sur le sentier que dans le minibus !!<\/p>\n<p>Yohann Accompagnateur Terres d&rsquo;\u00e9motions<\/p>\nngg_shortcode_0_placeholder\n<p>&nbsp;<\/p>\n\n\n\n\n\n\n","protected":false},"excerpt":{"rendered":"<p>A peine la voiture gar\u00e9e et d\u00e9j\u00e0 beaucoup de ch\u00e2taignes \u00e0 ramasser. Les sacs sont d\u00e9j\u00e0 plain avant de partir. Nous commen\u00e7ons \u00e0 longer le canal de braux (\u00e9tonnamment \u00e0 sec malgr\u00e9 les pluies). Une visite du petit hameau de Chabri\u00e8res, t\u00e9moin de l&rsquo;ancienne vie pastorale qu&rsquo;il y avait dans la vall\u00e9e du Coulomp.<\/p>\n","protected":false},"author":1,"featured_media":16289,"comment_status":"open","ping_status":"open","sticky":false,"template":"","format":"standard","meta":{"_bbp_topic_count":0,"_bbp_reply_count":0,"_bbp_total_topic_count":0,"_bbp_total_reply_count":0,"_bbp_voice_count":0,"_bbp_anonymous_reply_count":0,"_bbp_topic_count_hidden":0,"_bbp_reply_count_hidden":0,"_bbp_forum_subforum_count":0,"content-type":"","_exactmetrics_skip_tracking":false,"_exactmetrics_sitenote_active":false,"_exactmetrics_sitenote_note":"","_exactmetrics_sitenote_category":0,"_monsterinsights_skip_tracking":false,"_monsterinsights_sitenote_active":false,"_monsterinsights_sitenote_note":"","_monsterinsights_sitenote_category":0,"ngg_post_thumbnail":3191,"_price":"","_stock":"","_tribe_ticket_header":"","_tribe_default_ticket_provider":"","_tribe_ticket_capacity":"0","_ticket_start_date":"","_ticket_end_date":"","_tribe_ticket_show_description":"","_tribe_ticket_show_not_going":false,"_tribe_ticket_use_global_stock":"","_tribe_ticket_global_stock_level":"","_global_stock_mode":"","_global_stock_cap":"","_tribe_rsvp_for_event":"","_tribe_ticket_going_count":"","_tribe_ticket_not_going_count":"","_tribe_tickets_list":"[]","_tribe_ticket_has_attendee_info_fields":false,"_jetpack_memberships_contains_paid_content":false,"footnotes":""},"categories":[265,267,42,5],"tags":[312,803,882],"class_list":["post-16288","post","type-post","status-publish","format-standard","has-post-thumbnail","hentry","category-les-niveaux","category-niveau-2","category-randonnee","category-vallee-de-lesteron","tag-crete","tag-sommets","tag-vallee"],"jetpack_featured_media_url":"https:\/\/terresdemotions.fr\/wp-content\/uploads\/2025\/05\/IMG_20250511_112028-scaled.jpg","jetpack_sharing_enabled":true,"_links":{"self":[{"href":"https:\/\/terresdemotions.fr\/index.php\/wp-json\/wp\/v2\/posts\/16288","targetHints":{"allow":["GET"]}}],"collection":[{"href":"https:\/\/terresdemotions.fr\/index.php\/wp-json\/wp\/v2\/posts"}],"about":[{"href":"https:\/\/terresdemotions.fr\/index.php\/wp-json\/wp\/v2\/types\/post"}],"author":[{"embeddable":true,"href":"https:\/\/terresdemotions.fr\/index.php\/wp-json\/wp\/v2\/users\/1"}],"replies":[{"embeddable":true,"href":"https:\/\/terresdemotions.fr\/index.php\/wp-json\/wp\/v2\/comments?post=16288"}],"version-history":[{"count":2,"href":"https:\/\/terresdemotions.fr\/index.php\/wp-json\/wp\/v2\/posts\/16288\/revisions"}],"predecessor-version":[{"id":16295,"href":"https:\/\/terresdemotions.fr\/index.php\/wp-json\/wp\/v2\/posts\/16288\/revisions\/16295"}],"wp:featuredmedia":[{"embeddable":true,"href":"https:\/\/terresdemotions.fr\/index.php\/wp-json\/wp\/v2\/media\/16289"}],"wp:attachment":[{"href":"https:\/\/terresdemotions.fr\/index.php\/wp-json\/wp\/v2\/media?parent=16288"}],"wp:term":[{"taxonomy":"category","embeddable":true,"href":"https:\/\/terresdemotions.fr\/index.php\/wp-json\/wp\/v2\/categories?post=16288"},{"taxonomy":"post_tag","embeddable":true,"href":"https:\/\/terresdemotions.fr\/index.php\/wp-json\/wp\/v2\/tags?post=16288"}],"curies":[{"name":"wp","href":"https:\/\/api.w.org\/{rel}","templated":true}]}}