{"id":16310,"date":"2025-06-02T22:19:49","date_gmt":"2025-06-02T20:19:49","guid":{"rendered":"https:\/\/terresdemotions.fr\/?p=16310"},"modified":"2026-03-08T20:46:58","modified_gmt":"2026-03-08T19:46:58","slug":"lacs-du-clot-barrat","status":"publish","type":"post","link":"https:\/\/terresdemotions.fr\/index.php\/2025\/06\/02\/lacs-du-clot-barrat\/","title":{"rendered":"Lacs du Clot Barrat"},"content":{"rendered":"\n<p>Changement de programme au dernier moment afin de profiter de la fonte des neiges pour monter \u00e0 des altitudes plus hautes.<\/p>\n<p>D\u00e9part au dessus de la Colmiane pour aller au col du clot barrat faisant office de partage des eaux entre la v\u00e9subie et la Tin\u00e9e et le vallon de moli\u00e8res. Le sentier suit une piste avant de s&rsquo;\u00e9lever dans les p\u00e2turages d&rsquo;altitude.<\/p>\n<p>La pente s&rsquo;accentue , puis arrive le premier des deux lacs les plus bas tout juste sortie de la neige. Il reste encore la soldanelle t\u00e9moin de n\u00e9v\u00e9s.<\/p>\n<p>A partir de 2300 m d&rsquo;altitude, la neige se fait plus pr\u00e9sente et recouvre quasiment l&rsquo;ensemble des pentes except\u00e9es celles orient\u00e9es au sud. Le d\u00e9jeuner est pris au col. Le ciel bleu fait place au brouillard. La descente se fait par la vacherie d&rsquo;andu\u00e9bis, en descendant la rivi\u00e8re principale.<\/p>\n<p>Beaucoup de fleurs sur le parcours, la busserole, le bois gentil, les gentianes&#8230;. Une belle boucle au milieu d&rsquo;un paysage color\u00e9s o\u00f9 l\u00e0 encore les randonneurs sont peu nombreux (tant mieux) permettant de pr\u00e9server le site.<\/p>\n<p>Une belle rando avec un groupe toujours aussi sympathique<\/p>\n<p>Yohann Accompagnateur Terres d&rsquo;\u00e9motions<\/p>\nngg_shortcode_0_placeholder\n<p>&nbsp;<\/p>\n\n\n\n\n\n\n","protected":false},"excerpt":{"rendered":"<p>A peine la voiture gar\u00e9e et d\u00e9j\u00e0 beaucoup de ch\u00e2taignes \u00e0 ramasser. Les sacs sont d\u00e9j\u00e0 plain avant de partir. Nous commen\u00e7ons \u00e0 longer le canal de braux (\u00e9tonnamment \u00e0 sec malgr\u00e9 les pluies). Une visite du petit hameau de Chabri\u00e8res, t\u00e9moin de l&rsquo;ancienne vie pastorale qu&rsquo;il y avait dans la vall\u00e9e du Coulomp.<\/p>\n","protected":false},"author":1,"featured_media":16312,"comment_status":"open","ping_status":"open","sticky":false,"template":"","format":"standard","meta":{"_bbp_topic_count":0,"_bbp_reply_count":0,"_bbp_total_topic_count":0,"_bbp_total_reply_count":0,"_bbp_voice_count":0,"_bbp_anonymous_reply_count":0,"_bbp_topic_count_hidden":0,"_bbp_reply_count_hidden":0,"_bbp_forum_subforum_count":0,"content-type":"","_exactmetrics_skip_tracking":false,"_exactmetrics_sitenote_active":false,"_exactmetrics_sitenote_note":"","_exactmetrics_sitenote_category":0,"_monsterinsights_skip_tracking":false,"_monsterinsights_sitenote_active":false,"_monsterinsights_sitenote_note":"","_monsterinsights_sitenote_category":0,"ngg_post_thumbnail":3191,"_price":"","_stock":"","_tribe_ticket_header":"","_tribe_default_ticket_provider":"","_tribe_ticket_capacity":"0","_ticket_start_date":"","_ticket_end_date":"","_tribe_ticket_show_description":"","_tribe_ticket_show_not_going":false,"_tribe_ticket_use_global_stock":"","_tribe_ticket_global_stock_level":"","_global_stock_mode":"","_global_stock_cap":"","_tribe_rsvp_for_event":"","_tribe_ticket_going_count":"","_tribe_ticket_not_going_count":"","_tribe_tickets_list":"[]","_tribe_ticket_has_attendee_info_fields":false,"_jetpack_memberships_contains_paid_content":false,"footnotes":""},"categories":[265,267,42,7],"tags":[312,803,882],"class_list":["post-16310","post","type-post","status-publish","format-standard","has-post-thumbnail","hentry","category-les-niveaux","category-niveau-2","category-randonnee","category-vallee-de-la-vesubie","tag-crete","tag-sommets","tag-vallee"],"jetpack_featured_media_url":"https:\/\/terresdemotions.fr\/wp-content\/uploads\/2025\/06\/IMG_20250525_110333-scaled.jpg","jetpack_sharing_enabled":true,"_links":{"self":[{"href":"https:\/\/terresdemotions.fr\/index.php\/wp-json\/wp\/v2\/posts\/16310","targetHints":{"allow":["GET"]}}],"collection":[{"href":"https:\/\/terresdemotions.fr\/index.php\/wp-json\/wp\/v2\/posts"}],"about":[{"href":"https:\/\/terresdemotions.fr\/index.php\/wp-json\/wp\/v2\/types\/post"}],"author":[{"embeddable":true,"href":"https:\/\/terresdemotions.fr\/index.php\/wp-json\/wp\/v2\/users\/1"}],"replies":[{"embeddable":true,"href":"https:\/\/terresdemotions.fr\/index.php\/wp-json\/wp\/v2\/comments?post=16310"}],"version-history":[{"count":3,"href":"https:\/\/terresdemotions.fr\/index.php\/wp-json\/wp\/v2\/posts\/16310\/revisions"}],"predecessor-version":[{"id":16315,"href":"https:\/\/terresdemotions.fr\/index.php\/wp-json\/wp\/v2\/posts\/16310\/revisions\/16315"}],"wp:featuredmedia":[{"embeddable":true,"href":"https:\/\/terresdemotions.fr\/index.php\/wp-json\/wp\/v2\/media\/16312"}],"wp:attachment":[{"href":"https:\/\/terresdemotions.fr\/index.php\/wp-json\/wp\/v2\/media?parent=16310"}],"wp:term":[{"taxonomy":"category","embeddable":true,"href":"https:\/\/terresdemotions.fr\/index.php\/wp-json\/wp\/v2\/categories?post=16310"},{"taxonomy":"post_tag","embeddable":true,"href":"https:\/\/terresdemotions.fr\/index.php\/wp-json\/wp\/v2\/tags?post=16310"}],"curies":[{"name":"wp","href":"https:\/\/api.w.org\/{rel}","templated":true}]}}