{"id":16349,"date":"2025-06-16T22:48:33","date_gmt":"2025-06-16T20:48:33","guid":{"rendered":"https:\/\/terresdemotions.fr\/?p=16349"},"modified":"2026-03-08T20:46:40","modified_gmt":"2026-03-08T19:46:40","slug":"lac-du-barn-leau-pure-des-montagnes","status":"publish","type":"post","link":"https:\/\/terresdemotions.fr\/index.php\/2025\/06\/16\/lac-du-barn-leau-pure-des-montagnes\/","title":{"rendered":"Lac du Barn, L&rsquo;eau pure des montagnes"},"content":{"rendered":"\n<p>Mont\u00e9e en minibus au col de sal\u00e8se (route soumise \u00e0 autorisation). Descente en direction de Moli\u00e8res , puis mont\u00e9e dans le vallon du Barn.<\/p>\n<p>300 m de mont\u00e9e au milieu d&rsquo;une nature en pleine \u00e9volution. Les fleurs de montagne font leur apparition par niveau d&rsquo;altitude. L&rsquo;eau est omnipr\u00e9sente r\u00e9sultant encore de la fonte des n\u00e9v\u00e9s r\u00e9siduels.<\/p>\n<p>La chaleur s&rsquo;est install\u00e9e en montagne, il fait chaud au soleil. Et puis derri\u00e8re un talus, bien cach\u00e9, le lac du Barn. Aucun sentier n&rsquo;y m\u00e8ne. Donc tr\u00e8s peu de monde dans secteur. Et ce n&rsquo;est pas pour nous d\u00e9plaire.<\/p>\n<p>Une baignade s&rsquo;improvise, mais l&rsquo;eau est ici tellement froide qu&rsquo;il suffira d&rsquo;un petit aller retour en brasse ! Une partie du groupe finira la mont\u00e9e qui m\u00e8ne au col du Barn pour d\u00e9couvrir le lac Gros des millefonts<\/p>\n<p>Un belle balade en compagnie des moustiques omnipr\u00e9sents&nbsp;<\/p>\n<p>Une belle rando avec un groupe toujours aussi sympathique<\/p>\n<p>Yohann Accompagnateur Terres d&rsquo;\u00e9motions<\/p>\nngg_shortcode_0_placeholder\n<p>&nbsp;<\/p>\n\n\n\n\n\n\n","protected":false},"excerpt":{"rendered":"<p>A peine la voiture gar\u00e9e et d\u00e9j\u00e0 beaucoup de ch\u00e2taignes \u00e0 ramasser. Les sacs sont d\u00e9j\u00e0 plain avant de partir. Nous commen\u00e7ons \u00e0 longer le canal de braux (\u00e9tonnamment \u00e0 sec malgr\u00e9 les pluies). Une visite du petit hameau de Chabri\u00e8res, t\u00e9moin de l&rsquo;ancienne vie pastorale qu&rsquo;il y avait dans la vall\u00e9e du Coulomp.<\/p>\n","protected":false},"author":1,"featured_media":16350,"comment_status":"open","ping_status":"open","sticky":false,"template":"","format":"standard","meta":{"_bbp_topic_count":0,"_bbp_reply_count":0,"_bbp_total_topic_count":0,"_bbp_total_reply_count":0,"_bbp_voice_count":0,"_bbp_anonymous_reply_count":0,"_bbp_topic_count_hidden":0,"_bbp_reply_count_hidden":0,"_bbp_forum_subforum_count":0,"content-type":"","_exactmetrics_skip_tracking":false,"_exactmetrics_sitenote_active":false,"_exactmetrics_sitenote_note":"","_exactmetrics_sitenote_category":0,"_monsterinsights_skip_tracking":false,"_monsterinsights_sitenote_active":false,"_monsterinsights_sitenote_note":"","_monsterinsights_sitenote_category":0,"ngg_post_thumbnail":3191,"_price":"","_stock":"","_tribe_ticket_header":"","_tribe_default_ticket_provider":"","_tribe_ticket_capacity":"0","_ticket_start_date":"","_ticket_end_date":"","_tribe_ticket_show_description":"","_tribe_ticket_show_not_going":false,"_tribe_ticket_use_global_stock":"","_tribe_ticket_global_stock_level":"","_global_stock_mode":"","_global_stock_cap":"","_tribe_rsvp_for_event":"","_tribe_ticket_going_count":"","_tribe_ticket_not_going_count":"","_tribe_tickets_list":"[]","_tribe_ticket_has_attendee_info_fields":false,"_jetpack_memberships_contains_paid_content":false,"footnotes":""},"categories":[265,267,42,7],"tags":[312,803,882],"class_list":["post-16349","post","type-post","status-publish","format-standard","has-post-thumbnail","hentry","category-les-niveaux","category-niveau-2","category-randonnee","category-vallee-de-la-vesubie","tag-crete","tag-sommets","tag-vallee"],"jetpack_featured_media_url":"https:\/\/terresdemotions.fr\/wp-content\/uploads\/2025\/06\/IMG_20250615_112541-scaled.jpg","jetpack_sharing_enabled":true,"_links":{"self":[{"href":"https:\/\/terresdemotions.fr\/index.php\/wp-json\/wp\/v2\/posts\/16349","targetHints":{"allow":["GET"]}}],"collection":[{"href":"https:\/\/terresdemotions.fr\/index.php\/wp-json\/wp\/v2\/posts"}],"about":[{"href":"https:\/\/terresdemotions.fr\/index.php\/wp-json\/wp\/v2\/types\/post"}],"author":[{"embeddable":true,"href":"https:\/\/terresdemotions.fr\/index.php\/wp-json\/wp\/v2\/users\/1"}],"replies":[{"embeddable":true,"href":"https:\/\/terresdemotions.fr\/index.php\/wp-json\/wp\/v2\/comments?post=16349"}],"version-history":[{"count":1,"href":"https:\/\/terresdemotions.fr\/index.php\/wp-json\/wp\/v2\/posts\/16349\/revisions"}],"predecessor-version":[{"id":16351,"href":"https:\/\/terresdemotions.fr\/index.php\/wp-json\/wp\/v2\/posts\/16349\/revisions\/16351"}],"wp:featuredmedia":[{"embeddable":true,"href":"https:\/\/terresdemotions.fr\/index.php\/wp-json\/wp\/v2\/media\/16350"}],"wp:attachment":[{"href":"https:\/\/terresdemotions.fr\/index.php\/wp-json\/wp\/v2\/media?parent=16349"}],"wp:term":[{"taxonomy":"category","embeddable":true,"href":"https:\/\/terresdemotions.fr\/index.php\/wp-json\/wp\/v2\/categories?post=16349"},{"taxonomy":"post_tag","embeddable":true,"href":"https:\/\/terresdemotions.fr\/index.php\/wp-json\/wp\/v2\/tags?post=16349"}],"curies":[{"name":"wp","href":"https:\/\/api.w.org\/{rel}","templated":true}]}}