{"id":16437,"date":"2025-09-14T22:14:36","date_gmt":"2025-09-14T20:14:36","guid":{"rendered":"https:\/\/terresdemotions.fr\/?p=16437"},"modified":"2026-03-08T20:44:10","modified_gmt":"2026-03-08T19:44:10","slug":"les-lacs-du-sabion-deaux-turquoises-a-eaux-emeraude","status":"publish","type":"post","link":"https:\/\/terresdemotions.fr\/index.php\/2025\/09\/14\/les-lacs-du-sabion-deaux-turquoises-a-eaux-emeraude\/","title":{"rendered":"Les Lacs du Sabion, D&rsquo;eaux turquoises \u00e0 eaux \u00e9meraude"},"content":{"rendered":"\n\n\n<p data-start=\"79\" data-end=\"610\">Au d\u00e9part de Casterino, l\u2019approche se fait douce, longeant la piste qui s\u2019\u00e9l\u00e8ve vers le refuge de Valmasque.<\/p>\n<p data-start=\"79\" data-end=\"610\">Une bifurcation s\u2019offre \u00e0 nous, menant au sentier qui grimpe vers le lac de l\u2019Agnel. L\u00e0, un ultime cairn nous indique le passage vers le col.<\/p>\n<p data-start=\"79\" data-end=\"610\">Le chemin se dessine en zigzags, gravissant un plateau travers\u00e9 par une rivi\u00e8re fougueuse, n\u00e9e des profondeurs secr\u00e8tes de la terre. Un troupeau de vaches, paisibles gardiennes des lieux, nous accueille.<br data-start=\"541\" data-end=\"544\">Encore quelques m\u00e8tres de d\u00e9nivel\u00e9, et voici les lacs du Sabion.<\/p>\n<p data-start=\"612\" data-end=\"792\">Le r\u00e9chauffement climatique ne les \u00e9pargne pas : en fin de saison, la plupart se dess\u00e8chent.<br data-start=\"704\" data-end=\"707\">Seul l\u2019un d\u2019eux r\u00e9siste encore, d\u00e9voilant une eau d\u2019\u00e9meraude, fragile et pr\u00e9cieuse.<\/p>\n<p data-start=\"794\" data-end=\"1011\">Apr\u00e8s le d\u00e9jeuner, nous gagnons le lac del Vacca, g\u00e9n\u00e9reusement aliment\u00e9 par les eaux venues de la cime de Scandali\u00e8re. Un lac majestueux, dont les contours rappellent, en un clin d\u2019\u0153il, la silhouette d\u2019une vache.<\/p>\n<p data-start=\"1013\" data-end=\"1128\">La descente se fait douce, dans les hautes herbes, au plus pr\u00e8s des sources qui inondent les plateaux verdoyants.&nbsp;Une randonn\u00e9e solaire, rythm\u00e9e par la bienveillance d\u2019un groupe attentif et chaleureux.<\/p>\n<p><span class=\"x193iq5w xeuugli x13faqbe x1vvkbs x1xmvt09 x1lliihq x1s928wv xhkezso x1gmr53x x1cpjm7i x1fgarty x1943h6x xudqn12 x3x7a5m x6prxxf xvq8zen xo1l8bm xzsf02u x1yc453h\" dir=\"auto\">Vous aussi vous souhaitez participer \u00e0 une randonn\u00e9e Terresdemotions RandosMercantour en groupe et d\u00e9couvrir des endroits insoup\u00e7onn\u00e9s en toute s\u00e9curit\u00e9 ? Inscrivez vous sur <span class=\"html-span xdj266r x14z9mp xat24cr x1lziwak xexx8yu xyri2b x18d9i69 x1c1uobl x1hl2dhg x16tdsg8 x1vvkbs\"><a class=\"x1i10hfl xjbqb8w x1ejq31n x18oe1m7 x1sy0etr xstzfhl x972fbf x10w94by x1qhh985 x14e42zd x9f619 x1ypdohk xt0psk2 x3ct3a4 xdj266r x14z9mp xat24cr x1lziwak xexx8yu xyri2b x18d9i69 x1c1uobl x16tdsg8 x1hl2dhg xggy1nq x1a2a7pz xkrqix3 x1sur9pj x1fey0fg x1s688f\" tabindex=\"0\" role=\"link\" href=\"https:\/\/l.facebook.com\/l.php?u=http%3A%2F%2Fterresdemotions.fr%2F%3Ffbclid%3DIwZXh0bgNhZW0CMTAAAR4ay8OFPqfgm6SlekzJoWqNXSFH-HQp4reXnCH5rCM4MBeDEdL-AP2_6oRrqA_aem_gSDptEbJtVYi1AoANdfqBQ&amp;h=AT3ut0PWacWEfVoG_NRfZqPBGxWex2eiJVJquV28tNfbZiqgHaNREoHG2M8Dg49rQJls5UNdM5uL8KC_d_D3pqKl8QZwmjkHhtnUeuWLJA05Z8zTlSAWTy4bYmKGSAVWee-fC9MTFbzLpTs366RpqAMHsWgH_KQD&amp;__tn__=-UK-R&amp;c[0]=AT2mYLMlcyOh1HrASPupt_RY5Z-oct09Z_mJWpc0TJK4zpHmi2SU26xSKEGVAQIEEY4PTPNk1V-gzYQnYuFSUSbbQN42yiIXJwK_3D0SipuRzq4W-US9hKPvwfQfW4sarKgpEPOtQYKwyMkZWVBONuVPSCuUjYnyNaVXpVRv1g\" target=\"_blank\" rel=\"nofollow noopener noreferrer\">terresdemotions.fr.<\/a><\/span> A partir de 20 \u20ac la sortie covoiturage compris. Mail : contact@terresdemotions.fr<\/span><\/p>\n<p>Une belle rando avec un groupe toujours aussi sympathique<\/p>\n<p>&nbsp;<\/p>\nngg_shortcode_0_placeholder\n\n\n\n\n","protected":false},"excerpt":{"rendered":"<p>C\u2019est une marche qui n\u2019a rien d\u2019ordinaire, mais tout d\u2019exceptionnel.<br \/>\nLe d\u00e9part se fait depuis le petit hameau d\u2019Aurent, blotti au confluent de rivi\u00e8res alpines. De l\u00e0, le chemin s\u2019\u00e9l\u00e8ve en longeant le Coulomp, les pieds dans l\u2019eau, laissant appara\u00eetre peu \u00e0 peu des cascades grandioses.<\/p>\n","protected":false},"author":1,"featured_media":16438,"comment_status":"open","ping_status":"open","sticky":false,"template":"","format":"standard","meta":{"_bbp_topic_count":0,"_bbp_reply_count":0,"_bbp_total_topic_count":0,"_bbp_total_reply_count":0,"_bbp_voice_count":0,"_bbp_anonymous_reply_count":0,"_bbp_topic_count_hidden":0,"_bbp_reply_count_hidden":0,"_bbp_forum_subforum_count":0,"content-type":"","_exactmetrics_skip_tracking":false,"_exactmetrics_sitenote_active":false,"_exactmetrics_sitenote_note":"","_exactmetrics_sitenote_category":0,"_monsterinsights_skip_tracking":false,"_monsterinsights_sitenote_active":false,"_monsterinsights_sitenote_note":"","_monsterinsights_sitenote_category":0,"ngg_post_thumbnail":3191,"_price":"","_stock":"","_tribe_ticket_header":"","_tribe_default_ticket_provider":"","_tribe_ticket_capacity":"0","_ticket_start_date":"","_ticket_end_date":"","_tribe_ticket_show_description":"","_tribe_ticket_show_not_going":false,"_tribe_ticket_use_global_stock":"","_tribe_ticket_global_stock_level":"","_global_stock_mode":"","_global_stock_cap":"","_tribe_rsvp_for_event":"","_tribe_ticket_going_count":"","_tribe_ticket_not_going_count":"","_tribe_tickets_list":"[]","_tribe_ticket_has_attendee_info_fields":false,"_jetpack_memberships_contains_paid_content":false,"footnotes":""},"categories":[265,267,42,1],"tags":[312,474,803,882],"class_list":["post-16437","post","type-post","status-publish","format-standard","has-post-thumbnail","hentry","category-les-niveaux","category-niveau-2","category-randonnee","category-vallee-du-var","tag-crete","tag-lac","tag-sommets","tag-vallee"],"jetpack_featured_media_url":"https:\/\/terresdemotions.fr\/wp-content\/uploads\/2025\/09\/IMG_20250914_141552-scaled.jpg","jetpack_sharing_enabled":true,"_links":{"self":[{"href":"https:\/\/terresdemotions.fr\/index.php\/wp-json\/wp\/v2\/posts\/16437","targetHints":{"allow":["GET"]}}],"collection":[{"href":"https:\/\/terresdemotions.fr\/index.php\/wp-json\/wp\/v2\/posts"}],"about":[{"href":"https:\/\/terresdemotions.fr\/index.php\/wp-json\/wp\/v2\/types\/post"}],"author":[{"embeddable":true,"href":"https:\/\/terresdemotions.fr\/index.php\/wp-json\/wp\/v2\/users\/1"}],"replies":[{"embeddable":true,"href":"https:\/\/terresdemotions.fr\/index.php\/wp-json\/wp\/v2\/comments?post=16437"}],"version-history":[{"count":1,"href":"https:\/\/terresdemotions.fr\/index.php\/wp-json\/wp\/v2\/posts\/16437\/revisions"}],"predecessor-version":[{"id":16439,"href":"https:\/\/terresdemotions.fr\/index.php\/wp-json\/wp\/v2\/posts\/16437\/revisions\/16439"}],"wp:featuredmedia":[{"embeddable":true,"href":"https:\/\/terresdemotions.fr\/index.php\/wp-json\/wp\/v2\/media\/16438"}],"wp:attachment":[{"href":"https:\/\/terresdemotions.fr\/index.php\/wp-json\/wp\/v2\/media?parent=16437"}],"wp:term":[{"taxonomy":"category","embeddable":true,"href":"https:\/\/terresdemotions.fr\/index.php\/wp-json\/wp\/v2\/categories?post=16437"},{"taxonomy":"post_tag","embeddable":true,"href":"https:\/\/terresdemotions.fr\/index.php\/wp-json\/wp\/v2\/tags?post=16437"}],"curies":[{"name":"wp","href":"https:\/\/api.w.org\/{rel}","templated":true}]}}