{"id":16461,"date":"2025-09-21T22:04:12","date_gmt":"2025-09-21T20:04:12","guid":{"rendered":"https:\/\/terresdemotions.fr\/?p=16461"},"modified":"2026-03-08T20:44:02","modified_gmt":"2026-03-08T19:44:02","slug":"entre-legende-et-sommets-randonnee-a-santanna-di-vinadio","status":"publish","type":"post","link":"https:\/\/terresdemotions.fr\/index.php\/2025\/09\/21\/entre-legende-et-sommets-randonnee-a-santanna-di-vinadio\/","title":{"rendered":"Entre l\u00e9gende et sommets : randonn\u00e9e \u00e0 Sant\u2019Anna di Vinadio"},"content":{"rendered":"\n\n\n<p data-start=\"132\" data-end=\"319\">Ce dimanche, <strong data-start=\"147\" data-end=\"188\">Terres d\u2019\u00c9motions \u2013 Randos Mercantour<\/strong> vous a emmen\u00e9s sur un chemin hors du temps, jusqu\u2019au <strong data-start=\"242\" data-end=\"280\">sanctuaire de Sant\u2019Anna di Vinadio<\/strong>, perch\u00e9 \u00e0 plus de 2000 m d\u2019altitude.<\/p>\n<p data-start=\"321\" data-end=\"585\">On raconte qu\u2019autrefois, une statue de Sainte Anne, la m\u00e8re de Marie, refusait de rester en vall\u00e9e et revenait toujours ici, au milieu des rochers et des nuages\u2026 Comme si elle avait choisi ces lieux sauvages et lumineux pour prot\u00e9ger les hommes et les montagnes.<\/p>\n<p data-start=\"587\" data-end=\"915\">Autour de ce sanctuaire mill\u00e9naire, nous avons march\u00e9 entre lacs et sommets frontaliers : le <strong data-start=\"680\" data-end=\"695\">lac Lausfer<\/strong>, le <strong data-start=\"700\" data-end=\"717\">lac Sant\u2019Anna<\/strong>, reflets bleus dans un d\u00e9cor d\u2019altitude. Les chamois nous observaient discr\u00e8tement, les marmottes lan\u00e7aient leurs sifflements, et m\u00eame un cabri, curieusement seul, nous a accompagn\u00e9s d\u2019un regard.<\/p>\n<p data-start=\"917\" data-end=\"1073\">Une journ\u00e9e remplie d\u2019air pur, de rires partag\u00e9s et de cette impression unique que la montagne murmure ses histoires quand on prend le temps de l\u2019\u00e9couter.<\/p>\n<p data-start=\"1075\" data-end=\"1140\">\ud83d\ude4f Merci \u00e0 ce groupe au TOP d\u2019avoir fait vivre cette aventure !<\/p>\n<p data-start=\"1142\" data-end=\"1299\">\ud83d\udcc5 Prochaines randos sur <a class=\"decorated-link\" href=\"http:\/\/terresdemotions.fr\" target=\"_new\" rel=\"noopener\" data-start=\"1167\" data-end=\"1214\">terresdemotions.fr<\/a><\/p>\n<p>&nbsp;<\/p>\nngg_shortcode_0_placeholder\n\n\n\n\n","protected":false},"excerpt":{"rendered":"<p>C\u2019est une marche qui n\u2019a rien d\u2019ordinaire, mais tout d\u2019exceptionnel.<br \/>\nLe d\u00e9part se fait depuis le petit hameau d\u2019Aurent, blotti au confluent de rivi\u00e8res alpines. De l\u00e0, le chemin s\u2019\u00e9l\u00e8ve en longeant le Coulomp, les pieds dans l\u2019eau, laissant appara\u00eetre peu \u00e0 peu des cascades grandioses.<\/p>\n","protected":false},"author":1,"featured_media":16462,"comment_status":"open","ping_status":"open","sticky":false,"template":"","format":"standard","meta":{"_bbp_topic_count":0,"_bbp_reply_count":0,"_bbp_total_topic_count":0,"_bbp_total_reply_count":0,"_bbp_voice_count":0,"_bbp_anonymous_reply_count":0,"_bbp_topic_count_hidden":0,"_bbp_reply_count_hidden":0,"_bbp_forum_subforum_count":0,"content-type":"","_exactmetrics_skip_tracking":false,"_exactmetrics_sitenote_active":false,"_exactmetrics_sitenote_note":"","_exactmetrics_sitenote_category":0,"_monsterinsights_skip_tracking":false,"_monsterinsights_sitenote_active":false,"_monsterinsights_sitenote_note":"","_monsterinsights_sitenote_category":0,"ngg_post_thumbnail":3191,"_price":"","_stock":"","_tribe_ticket_header":"","_tribe_default_ticket_provider":"","_tribe_ticket_capacity":"0","_ticket_start_date":"","_ticket_end_date":"","_tribe_ticket_show_description":"","_tribe_ticket_show_not_going":false,"_tribe_ticket_use_global_stock":"","_tribe_ticket_global_stock_level":"","_global_stock_mode":"","_global_stock_cap":"","_tribe_rsvp_for_event":"","_tribe_ticket_going_count":"","_tribe_ticket_not_going_count":"","_tribe_tickets_list":"[]","_tribe_ticket_has_attendee_info_fields":false,"_jetpack_memberships_contains_paid_content":false,"footnotes":""},"categories":[181,265,267,42],"tags":[312,474,803,882],"class_list":["post-16461","post","type-post","status-publish","format-standard","has-post-thumbnail","hentry","category-italie","category-les-niveaux","category-niveau-2","category-randonnee","tag-crete","tag-lac","tag-sommets","tag-vallee"],"jetpack_featured_media_url":"https:\/\/terresdemotions.fr\/wp-content\/uploads\/2025\/09\/IMG_20250921_115551-scaled.jpg","jetpack_sharing_enabled":true,"_links":{"self":[{"href":"https:\/\/terresdemotions.fr\/index.php\/wp-json\/wp\/v2\/posts\/16461","targetHints":{"allow":["GET"]}}],"collection":[{"href":"https:\/\/terresdemotions.fr\/index.php\/wp-json\/wp\/v2\/posts"}],"about":[{"href":"https:\/\/terresdemotions.fr\/index.php\/wp-json\/wp\/v2\/types\/post"}],"author":[{"embeddable":true,"href":"https:\/\/terresdemotions.fr\/index.php\/wp-json\/wp\/v2\/users\/1"}],"replies":[{"embeddable":true,"href":"https:\/\/terresdemotions.fr\/index.php\/wp-json\/wp\/v2\/comments?post=16461"}],"version-history":[{"count":1,"href":"https:\/\/terresdemotions.fr\/index.php\/wp-json\/wp\/v2\/posts\/16461\/revisions"}],"predecessor-version":[{"id":16463,"href":"https:\/\/terresdemotions.fr\/index.php\/wp-json\/wp\/v2\/posts\/16461\/revisions\/16463"}],"wp:featuredmedia":[{"embeddable":true,"href":"https:\/\/terresdemotions.fr\/index.php\/wp-json\/wp\/v2\/media\/16462"}],"wp:attachment":[{"href":"https:\/\/terresdemotions.fr\/index.php\/wp-json\/wp\/v2\/media?parent=16461"}],"wp:term":[{"taxonomy":"category","embeddable":true,"href":"https:\/\/terresdemotions.fr\/index.php\/wp-json\/wp\/v2\/categories?post=16461"},{"taxonomy":"post_tag","embeddable":true,"href":"https:\/\/terresdemotions.fr\/index.php\/wp-json\/wp\/v2\/tags?post=16461"}],"curies":[{"name":"wp","href":"https:\/\/api.w.org\/{rel}","templated":true}]}}