{"id":16497,"date":"2025-09-28T20:44:35","date_gmt":"2025-09-28T18:44:35","guid":{"rendered":"https:\/\/terresdemotions.fr\/?p=16497"},"modified":"2026-03-08T20:44:20","modified_gmt":"2026-03-08T19:44:20","slug":"randonnee-au-teillon-un-360-dexception","status":"publish","type":"post","link":"https:\/\/terresdemotions.fr\/index.php\/2025\/09\/28\/randonnee-au-teillon-un-360-dexception\/","title":{"rendered":"Randonn\u00e9e au Teillon : un 360\u00b0 d\u2019exception \u00bb"},"content":{"rendered":"\n\n\n<p data-start=\"157\" data-end=\"535\">Ce dimanche, nous avons quitt\u00e9 Peyroules dans la fra\u00eecheur du matin, les chaussures bien serr\u00e9es et le sac l\u00e9ger sur le dos. Tr\u00e8s vite, le sentier nous a entra\u00een\u00e9s dans une belle mont\u00e9e vers la chapelle Saint-Pons, discr\u00e8tement pos\u00e9e sur son \u00e9peron rocheux, dominant l\u2019ancien hameau du Haut-de-Ville. Un premier arr\u00eat contemplatif, d\u00e9j\u00e0, tant le paysage s\u2019ouvrait devant nous.<\/p>\n<p data-start=\"537\" data-end=\"856\">La marche s\u2019est ensuite poursuivie avec r\u00e9gularit\u00e9 vers le sommet du Teillon. Le chemin menait jusqu\u2019au Point des 4 Termes, comme une porte ouverte vers la haute cr\u00eate. En levant les yeux, le lac de Castillon apparaissait en contrebas, d\u2019un bleu intense, tandis que le regard portait d\u00e9j\u00e0 vers les vall\u00e9es lointaines.<\/p>\n<p data-start=\"858\" data-end=\"1081\">Sur la cr\u00eate, un petit comit\u00e9 d\u2019accueil nous attendait : quelques patous veillant sur leur troupeau de moutons. Apr\u00e8s un \u00e9change de regards prudents mais respectueux, nous avons poursuivi notre progression vers le sommet.<\/p>\n<p data-start=\"1083\" data-end=\"1369\">Et l\u00e0, quelle r\u00e9compense ! Une vue \u00e0 360\u00b0 qui coupait le souffle : les vall\u00e9es du Verdon et de l\u2019Est\u00e9ron d\u00e9roulaient leurs reliefs, et, au loin, dans un voile l\u00e9ger, on devinait peut-\u00eatre m\u00eame la mer. Le temps semblait suspendu, chacun savourant ce privil\u00e8ge d\u2019\u00eatre l\u00e0-haut, ensemble.<\/p>\n<p data-start=\"1371\" data-end=\"1607\">La descente, douce et ensoleill\u00e9e, s\u2019est faite dans la bonne humeur, ponctu\u00e9e de rires, de discussions et de partages. Une randonn\u00e9e magnifique, accessible par son d\u00e9nivel\u00e9, mais grandiose par les paysages et par la chaleur du groupe.<\/p>\n<p data-start=\"1609\" data-end=\"1684\">Un vrai dimanche comme on les aime : nature, amiti\u00e9 et horizons sans fin.<\/p>\n<p data-start=\"1142\" data-end=\"1299\">\ud83d\udcc5 Prochaines randos sur <a class=\"decorated-link\" href=\"http:\/\/terresdemotions.fr\" target=\"_new\" rel=\"noopener\" data-start=\"1167\" data-end=\"1214\">terresdemotions.fr<\/a><\/p>\n<p>&nbsp;<\/p>\nngg_shortcode_0_placeholder\n\n\n\n\n","protected":false},"excerpt":{"rendered":"<p>C\u2019est une marche qui n\u2019a rien d\u2019ordinaire, mais tout d\u2019exceptionnel.<br \/>\nLe d\u00e9part se fait depuis le petit hameau d\u2019Aurent, blotti au confluent de rivi\u00e8res alpines. De l\u00e0, le chemin s\u2019\u00e9l\u00e8ve en longeant le Coulomp, les pieds dans l\u2019eau, laissant appara\u00eetre peu \u00e0 peu des cascades grandioses.<\/p>\n","protected":false},"author":1,"featured_media":16498,"comment_status":"open","ping_status":"open","sticky":false,"template":"","format":"standard","meta":{"_bbp_topic_count":0,"_bbp_reply_count":0,"_bbp_total_topic_count":0,"_bbp_total_reply_count":0,"_bbp_voice_count":0,"_bbp_anonymous_reply_count":0,"_bbp_topic_count_hidden":0,"_bbp_reply_count_hidden":0,"_bbp_forum_subforum_count":0,"content-type":"","_exactmetrics_skip_tracking":false,"_exactmetrics_sitenote_active":false,"_exactmetrics_sitenote_note":"","_exactmetrics_sitenote_category":0,"_monsterinsights_skip_tracking":false,"_monsterinsights_sitenote_active":false,"_monsterinsights_sitenote_note":"","_monsterinsights_sitenote_category":0,"ngg_post_thumbnail":3191,"_price":"","_stock":"","_tribe_ticket_header":"","_tribe_default_ticket_provider":"","_tribe_ticket_capacity":"0","_ticket_start_date":"","_ticket_end_date":"","_tribe_ticket_show_description":"","_tribe_ticket_show_not_going":false,"_tribe_ticket_use_global_stock":"","_tribe_ticket_global_stock_level":"","_global_stock_mode":"","_global_stock_cap":"","_tribe_rsvp_for_event":"","_tribe_ticket_going_count":"","_tribe_ticket_not_going_count":"","_tribe_tickets_list":"[]","_tribe_ticket_has_attendee_info_fields":false,"_jetpack_memberships_contains_paid_content":false,"footnotes":""},"categories":[265,268,42,5],"tags":[312,474,803,882],"class_list":["post-16497","post","type-post","status-publish","format-standard","has-post-thumbnail","hentry","category-les-niveaux","category-niveau-3","category-randonnee","category-vallee-de-lesteron","tag-crete","tag-lac","tag-sommets","tag-vallee"],"jetpack_featured_media_url":"https:\/\/terresdemotions.fr\/wp-content\/uploads\/2025\/09\/IMG_20250928_121827-scaled.jpg","jetpack_sharing_enabled":true,"_links":{"self":[{"href":"https:\/\/terresdemotions.fr\/index.php\/wp-json\/wp\/v2\/posts\/16497","targetHints":{"allow":["GET"]}}],"collection":[{"href":"https:\/\/terresdemotions.fr\/index.php\/wp-json\/wp\/v2\/posts"}],"about":[{"href":"https:\/\/terresdemotions.fr\/index.php\/wp-json\/wp\/v2\/types\/post"}],"author":[{"embeddable":true,"href":"https:\/\/terresdemotions.fr\/index.php\/wp-json\/wp\/v2\/users\/1"}],"replies":[{"embeddable":true,"href":"https:\/\/terresdemotions.fr\/index.php\/wp-json\/wp\/v2\/comments?post=16497"}],"version-history":[{"count":1,"href":"https:\/\/terresdemotions.fr\/index.php\/wp-json\/wp\/v2\/posts\/16497\/revisions"}],"predecessor-version":[{"id":16499,"href":"https:\/\/terresdemotions.fr\/index.php\/wp-json\/wp\/v2\/posts\/16497\/revisions\/16499"}],"wp:featuredmedia":[{"embeddable":true,"href":"https:\/\/terresdemotions.fr\/index.php\/wp-json\/wp\/v2\/media\/16498"}],"wp:attachment":[{"href":"https:\/\/terresdemotions.fr\/index.php\/wp-json\/wp\/v2\/media?parent=16497"}],"wp:term":[{"taxonomy":"category","embeddable":true,"href":"https:\/\/terresdemotions.fr\/index.php\/wp-json\/wp\/v2\/categories?post=16497"},{"taxonomy":"post_tag","embeddable":true,"href":"https:\/\/terresdemotions.fr\/index.php\/wp-json\/wp\/v2\/tags?post=16497"}],"curies":[{"name":"wp","href":"https:\/\/api.w.org\/{rel}","templated":true}]}}