{"id":16556,"date":"2025-10-19T20:53:06","date_gmt":"2025-10-19T18:53:06","guid":{"rendered":"https:\/\/terresdemotions.fr\/?p=16556"},"modified":"2026-03-08T20:44:47","modified_gmt":"2026-03-08T19:44:47","slug":"boucle-annot-le-fugeret-par-la-chataigneraie","status":"publish","type":"post","link":"https:\/\/terresdemotions.fr\/index.php\/2025\/10\/19\/boucle-annot-le-fugeret-par-la-chataigneraie\/","title":{"rendered":"Boucle Annot \u2013 Le Fugeret par la ch\u00e2taigneraie"},"content":{"rendered":"\n\n\n<div class=\"html-div xdj266r x14z9mp xat24cr x1lziwak xexx8yu xyri2b x18d9i69 x1c1uobl\" dir=\"auto\">\n<div class=\"html-div xdj266r x14z9mp xat24cr x1lziwak xexx8yu xyri2b x18d9i69 x1c1uobl\" data-ad-rendering-role=\"story_message\">\n<div id=\"_r_ft_\" class=\"x1l90r2v x1iorvi4 x1g0dm76 xpdmqnj\" data-ad-comet-preview=\"message\" data-ad-preview=\"message\">\n<div class=\"x78zum5 xdt5ytf xz62fqu x16ldp7u\">\n<div class=\"xu06os2 x1ok221b\">\n<div class=\"html-div xdj266r x14z9mp xat24cr x1lziwak xexx8yu xyri2b x18d9i69 x1c1uobl\">\n<div class=\"xdj266r x14z9mp xat24cr x1lziwak x1vvkbs x126k92a\">\n<div dir=\"auto\">\n<p data-start=\"97\" data-end=\"451\">Le d\u00e9part se fait de bon matin, depuis <strong data-start=\"136\" data-end=\"145\">Annot<\/strong>, encore calme sous la lumi\u00e8re dor\u00e9e d\u2019un d\u00e9but d\u2019automne. Le sentier s\u2019\u00e9l\u00e8ve aussit\u00f4t dans la <strong data-start=\"240\" data-end=\"257\">ch\u00e2taigneraie<\/strong>, vaste et odorante, o\u00f9 les bogues ouvertes r\u00e9v\u00e8lent des tr\u00e9sors bruns et luisants. Tr\u00e8s vite, les sacs se remplissent de <strong data-start=\"379\" data-end=\"393\">ch\u00e2taignes<\/strong> \u2014 promesse d\u2019un feu gourmand plus tard dans la journ\u00e9e.<\/p>\n<p data-start=\"453\" data-end=\"953\">En progressant sous les grands arbres, la chance sourit encore : un coin humide, un rayon de soleil filtrant, et soudain, tout un <strong data-start=\"583\" data-end=\"610\">parterre de coulemelles<\/strong> se dresse, hautes et \u00e9l\u00e9gantes, comme un petit peuple forestier. Le sol en est couvert. On s\u2019affaire joyeusement, panier en main, \u00e0 <strong data-start=\"743\" data-end=\"771\">ramasser cette abondance<\/strong> : de quoi parfumer les repas des jours \u00e0 venir. La for\u00eat devient alors un lieu de f\u00eate silencieuse, rythm\u00e9 par le froissement des feuilles et le glissement des lames dans l\u2019humus.<\/p>\n<p data-start=\"955\" data-end=\"1267\">La mont\u00e9e se poursuit dans une <strong data-start=\"986\" data-end=\"1004\">clart\u00e9 limpide<\/strong>, presque cristalline. On d\u00e9bouche bient\u00f4t sur une <strong data-start=\"1055\" data-end=\"1072\">dalle de gr\u00e8s<\/strong> ensoleill\u00e9e, suspendue au-dessus de la <strong data-start=\"1112\" data-end=\"1134\">vall\u00e9e de la B\u00e9\u00efte<\/strong>, large et paisible. C\u2019est l\u00e0 qu\u2019on s\u2019installe pour <strong data-start=\"1186\" data-end=\"1198\">d\u00e9jeuner<\/strong>, face au vent l\u00e9ger et aux montagnes qui se d\u00e9ploient \u00e0 l\u2019horizon.<\/p>\n<p data-start=\"1269\" data-end=\"1581\">Apr\u00e8s la sieste, place au feu. Sur un <strong data-start=\"1307\" data-end=\"1330\">tr\u00e9pied de barbecue<\/strong> con\u00e7u pour ne laisser aucune trace, quelques flammes s\u2019\u00e9l\u00e8vent, nourries de bois sec. Les <strong data-start=\"1421\" data-end=\"1454\">ch\u00e2taignes ramass\u00e9es le matin<\/strong> cr\u00e9pitent dans la po\u00eale, \u00e9clatant parfois d\u2019un petit bruit joyeux. L\u2019odeur se m\u00eale \u00e0 celle du gr\u00e8s chaud, du vent et du feu.<\/p>\n<p data-start=\"1583\" data-end=\"1796\">La <strong data-start=\"1586\" data-end=\"1614\">descente vers Le Fugeret<\/strong> se fait dans une lumi\u00e8re douce, entre pins et blocs ocre. Le petit <strong data-start=\"1682\" data-end=\"1702\">train des Pignes<\/strong> attend en contrebas, serpentant dans la vall\u00e9e comme un fil tranquille ramenant au village.<\/p>\n<p data-start=\"1798\" data-end=\"2101\">De retour \u00e0 <strong data-start=\"1810\" data-end=\"1819\">Annot<\/strong>, la journ\u00e9e s\u2019ach\u00e8ve autour d\u2019un <strong data-start=\"1853\" data-end=\"1874\">verre de l\u2019amiti\u00e9<\/strong>, sur la place anim\u00e9e. On refait le chemin en paroles, les mains tach\u00e9es de terre, le c\u0153ur l\u00e9ger, avec dans les sacs les <strong data-start=\"1995\" data-end=\"2019\">coulemelles du matin<\/strong> et le souvenir d\u2019une journ\u00e9e simple, lumineuse, et pleine de saveurs d\u2019automne.<\/p>\n<\/div>\n<\/div>\n<\/div>\n<\/div>\n<\/div>\n<\/div>\n<\/div>\n<\/div>\n<p>&nbsp;<\/p>\n<p data-start=\"1142\" data-end=\"1299\">\ud83d\udcc5 Prochaines randos sur <a class=\"decorated-link\" href=\"http:\/\/terresdemotions.fr\" target=\"_new\" rel=\"noopener\" data-start=\"1167\" data-end=\"1214\">terresdemotions.fr<\/a><\/p>\n<p>&nbsp;<\/p>\nngg_shortcode_0_placeholder\n\n\n\n\n","protected":false},"excerpt":{"rendered":"<p>C\u2019est une marche qui n\u2019a rien d\u2019ordinaire, mais tout d\u2019exceptionnel.<br \/>\nLe d\u00e9part se fait depuis le petit hameau d\u2019Aurent, blotti au confluent de rivi\u00e8res alpines. De l\u00e0, le chemin s\u2019\u00e9l\u00e8ve en longeant le Coulomp, les pieds dans l\u2019eau, laissant appara\u00eetre peu \u00e0 peu des cascades grandioses.<\/p>\n","protected":false},"author":1,"featured_media":16557,"comment_status":"open","ping_status":"open","sticky":false,"template":"","format":"standard","meta":{"_bbp_topic_count":0,"_bbp_reply_count":0,"_bbp_total_topic_count":0,"_bbp_total_reply_count":0,"_bbp_voice_count":0,"_bbp_anonymous_reply_count":0,"_bbp_topic_count_hidden":0,"_bbp_reply_count_hidden":0,"_bbp_forum_subforum_count":0,"content-type":"","_exactmetrics_skip_tracking":false,"_exactmetrics_sitenote_active":false,"_exactmetrics_sitenote_note":"","_exactmetrics_sitenote_category":0,"_monsterinsights_skip_tracking":false,"_monsterinsights_sitenote_active":false,"_monsterinsights_sitenote_note":"","_monsterinsights_sitenote_category":0,"ngg_post_thumbnail":3191,"_price":"","_stock":"","_tribe_ticket_header":"","_tribe_default_ticket_provider":"","_tribe_ticket_capacity":"0","_ticket_start_date":"","_ticket_end_date":"","_tribe_ticket_show_description":"","_tribe_ticket_show_not_going":false,"_tribe_ticket_use_global_stock":"","_tribe_ticket_global_stock_level":"","_global_stock_mode":"","_global_stock_cap":"","_tribe_rsvp_for_event":"","_tribe_ticket_going_count":"","_tribe_ticket_not_going_count":"","_tribe_tickets_list":"[]","_tribe_ticket_has_attendee_info_fields":false,"_jetpack_memberships_contains_paid_content":false,"footnotes":""},"categories":[265,267,182],"tags":[312,803,882],"class_list":["post-16556","post","type-post","status-publish","format-standard","has-post-thumbnail","hentry","category-les-niveaux","category-niveau-2","category-vallee-du-verdon","tag-crete","tag-sommets","tag-vallee"],"jetpack_featured_media_url":"https:\/\/terresdemotions.fr\/wp-content\/uploads\/2025\/10\/IMG_20251019_115202-scaled.jpg","jetpack_sharing_enabled":true,"_links":{"self":[{"href":"https:\/\/terresdemotions.fr\/index.php\/wp-json\/wp\/v2\/posts\/16556","targetHints":{"allow":["GET"]}}],"collection":[{"href":"https:\/\/terresdemotions.fr\/index.php\/wp-json\/wp\/v2\/posts"}],"about":[{"href":"https:\/\/terresdemotions.fr\/index.php\/wp-json\/wp\/v2\/types\/post"}],"author":[{"embeddable":true,"href":"https:\/\/terresdemotions.fr\/index.php\/wp-json\/wp\/v2\/users\/1"}],"replies":[{"embeddable":true,"href":"https:\/\/terresdemotions.fr\/index.php\/wp-json\/wp\/v2\/comments?post=16556"}],"version-history":[{"count":2,"href":"https:\/\/terresdemotions.fr\/index.php\/wp-json\/wp\/v2\/posts\/16556\/revisions"}],"predecessor-version":[{"id":16559,"href":"https:\/\/terresdemotions.fr\/index.php\/wp-json\/wp\/v2\/posts\/16556\/revisions\/16559"}],"wp:featuredmedia":[{"embeddable":true,"href":"https:\/\/terresdemotions.fr\/index.php\/wp-json\/wp\/v2\/media\/16557"}],"wp:attachment":[{"href":"https:\/\/terresdemotions.fr\/index.php\/wp-json\/wp\/v2\/media?parent=16556"}],"wp:term":[{"taxonomy":"category","embeddable":true,"href":"https:\/\/terresdemotions.fr\/index.php\/wp-json\/wp\/v2\/categories?post=16556"},{"taxonomy":"post_tag","embeddable":true,"href":"https:\/\/terresdemotions.fr\/index.php\/wp-json\/wp\/v2\/tags?post=16556"}],"curies":[{"name":"wp","href":"https:\/\/api.w.org\/{rel}","templated":true}]}}